{"id":62208,"date":"2026-03-14T12:41:00","date_gmt":"2026-03-14T12:41:00","guid":{"rendered":"https:\/\/ciaoup.it\/?p=62208"},"modified":"2026-03-14T12:41:00","modified_gmt":"2026-03-14T12:41:00","slug":"referendum-le-camere-penali-e-il-loro-comitato-in-piazza-a-roma-per-il-si","status":"publish","type":"post","link":"https:\/\/ciaoup.it\/?p=62208","title":{"rendered":"Referendum, le Camere penali e il loro Comitato in piazza a Roma per il S\u00ec"},"content":{"rendered":"<p> (Adnkronos) &#8211; Comitato Camere Penali per il S\u00ec e Unione delle Camere Penali Italiane oggi sabato 14 marzo in piazza Santi Apostoli, a Roma, per la manifestazione per il S\u00ec al referendum sulla riforma della giustizia. \u201cCredo che questa sia un&#8217;occasione straordinaria: \u00e8 un voto per il nostro Paese davvero decisivo &#8211; ha affermato ai giornalisti Francesco Petrelli, presidente dello stesso Comitato e dell\u2019Unione delle Camere penali &#8211; I cittadini devono, con il loro voto, dirci se vogliono avere una giustizia pi\u00f9 giusta, una giustizia pi\u00f9 trasparente, un giudice finalmente terzo come \u00e8 scritto nell&#8217;articolo 111 della nostra Costituzione, decisioni pi\u00f9 autorevoli e soprattutto una magistratura finalmente libera dalla politica\u201d.\u00a0<\/p>\n<p>\u201cI penalisti italiani avevano sin dall&#8217;inizio rappresentato il rischio che un voto, che doveva e dovr\u00e0 essere sul merito della riforma, potesse invece divenire ostaggio di una politicizzazione, di un tifo da stadio al quale purtroppo abbiamo assistito\u201d, ha detto Petrelli.\u00a0<\/p>\n<p>\u201cNoi penalisti abbiamo fatto un lavoro diverso &#8211; ha continuato &#8211; siamo stati nelle strade e nelle piazze, come stiamo facendo ora, vicino ai cittadini e ci siamo impegnati nello spiegare il perch\u00e9 questa riforma \u00e8 importante per il Paese lasciando perdere gli slogan della politica\u201d. \u201cNoi &#8211; ha concluso &#8211; ci siamo sottratti al tifo da stadio e siamo stati presenti come oggi in tutte le piazze e le strade del Paese, vicini ai cittadini, proprio per spiegargli il significato di questa riforma e quali sono i motivi per i quali occorre votare s\u00ec\u201d.\u00a0<\/p>\n<p>Alla manifestazione \u00e8 intervenuto il sottosegretario alla presidenza del Consiglio, Alfredo Mantovano. \u201cPerch\u00e9 il magistrato quanto entra in udienza indossa una toga larga, lunga e nera? Perch\u00e9 quando va in udienza \u00e8 la giustizia e la giustizia non ha colori non solo di abito, ma neanche ideologici n\u00e9 politici &#8211; ha detto Mantovano &#8211; La declinazione in Costituzione della toga nera, lunga, larga \u00e8 in due parole: autonomia e indipendenza della magistratura; queste due parole vengono confermate e rafforzate dalla riforma sulla quale i cittadini sono chiamati ad esprimersi\u201d. \u00a0<\/p>\n<p>\u201cE vengono confermate non solo verso l\u2019esterno ma anche &#8211; e questa \u00e8 la novit\u00e0 &#8211; verso l\u2019interno perch\u00e9 l\u2019autonomia e l\u2019indipendenza sono minacciate dal meccanismo delle correnti\u201d, ha continuato. \u201cQuesta riforma non realizza, come leggiamo su qualche striscione, la subordinazione della giustizia alla politica &#8211; ha proseguito Mantovano- ma l\u2019esatto contrario e si tradurr\u00e0 nella autentica liberazione dei magistrati da questa morsa che li attanaglia nella loro progressione in carriera e in una sorta di omogeneizzazione al ribasso. Sono tanti i magistrati che lavorano sette giorni su sette, dodici ore al giorno, spesso saltando i fine settimana e qualche giorno di vacanza e non \u00e8 giusto che vengano sopravanzati in virt\u00f9 del vincolo correntizio da chi non lavora neanche dodici ore al mese\u201d.\u00a0<\/p>\n<p>&#8212;<\/p>\n<p>politica<\/p>\n<p>webinfo@adnkronos.com (Web Info)<\/p>\n<div style=\"display:flex; gap:10px;justify-content:center\" class=\"wps-pgfw-pdf-generate-icon__wrapper-frontend\">\n\t\t<a  href=\"https:\/\/ciaoup.it?action=genpdf&amp;id=62208\" class=\"pgfw-single-pdf-download-button\" ><img src=\"https:\/\/ciaoup.it\/wp-content\/plugins\/pdf-generator-for-wp\/admin\/src\/images\/PDF_Tray.svg\" title=\"Generate PDF\" style=\"width:auto; height:45px;\"><\/a>\n\t\t<\/div>","protected":false},"excerpt":{"rendered":"<p>(Adnkronos) &#8211; Comitato Camere Penali per il S\u00ec e Unione delle Camere Penali Italiane oggi&hellip;<\/p>\n","protected":false},"author":3,"featured_media":62209,"comment_status":"open","ping_status":"closed","sticky":false,"template":"","format":"standard","meta":{"footnotes":""},"categories":[12],"tags":[3],"class_list":["post-62208","post","type-post","status-publish","format-standard","has-post-thumbnail","hentry","category-comunicati","tag-ultimora"],"_links":{"self":[{"href":"https:\/\/ciaoup.it\/index.php?rest_route=\/wp\/v2\/posts\/62208","targetHints":{"allow":["GET"]}}],"collection":[{"href":"https:\/\/ciaoup.it\/index.php?rest_route=\/wp\/v2\/posts"}],"about":[{"href":"https:\/\/ciaoup.it\/index.php?rest_route=\/wp\/v2\/types\/post"}],"author":[{"embeddable":true,"href":"https:\/\/ciaoup.it\/index.php?rest_route=\/wp\/v2\/users\/3"}],"replies":[{"embeddable":true,"href":"https:\/\/ciaoup.it\/index.php?rest_route=%2Fwp%2Fv2%2Fcomments&post=62208"}],"version-history":[{"count":1,"href":"https:\/\/ciaoup.it\/index.php?rest_route=\/wp\/v2\/posts\/62208\/revisions"}],"predecessor-version":[{"id":62212,"href":"https:\/\/ciaoup.it\/index.php?rest_route=\/wp\/v2\/posts\/62208\/revisions\/62212"}],"wp:featuredmedia":[{"embeddable":true,"href":"https:\/\/ciaoup.it\/index.php?rest_route=\/wp\/v2\/media\/62209"}],"wp:attachment":[{"href":"https:\/\/ciaoup.it\/index.php?rest_route=%2Fwp%2Fv2%2Fmedia&parent=62208"}],"wp:term":[{"taxonomy":"category","embeddable":true,"href":"https:\/\/ciaoup.it\/index.php?rest_route=%2Fwp%2Fv2%2Fcategories&post=62208"},{"taxonomy":"post_tag","embeddable":true,"href":"https:\/\/ciaoup.it\/index.php?rest_route=%2Fwp%2Fv2%2Ftags&post=62208"}],"curies":[{"name":"wp","href":"https:\/\/api.w.org\/{rel}","templated":true}]}}