{"id":62177,"date":"2026-03-14T10:14:00","date_gmt":"2026-03-14T10:14:00","guid":{"rendered":"https:\/\/ciaoup.it\/?p=62177"},"modified":"2026-03-14T10:14:00","modified_gmt":"2026-03-14T10:14:00","slug":"iran-calenda-no-a-tavolo-meloni-autogol-clamoroso-conte-comanda-campo-largo","status":"publish","type":"post","link":"https:\/\/ciaoup.it\/?p=62177","title":{"rendered":"Iran, Calenda: &#8220;No a tavolo Meloni autogol clamoroso, Conte comanda campo largo&#8221;"},"content":{"rendered":"<p> (Adnkronos) &#8211;<br \/>\nCarlo Calenda attacca Giuseppe Conte ed Elly Schlein. &#8220;Sta crollando il mondo. Lo stretto di Hormuz \u00e8 bloccato, Trump mette a ferro e fuoco il Medio Oriente mentre annuncia un nuovo round di dazi verso l&#8217;Ue. E noi stiamo qui a discutere come neanche all&#8217;asilo Mariuccia tra maggioranza e opposizione su chi chiama per primo. \u00c8 un battibecco indecoroso: sediamoci a un tavolo e siamo seri&#8221;, ha detto intervistato da Il Messaggero. &#8220;Una roba che neanche al liceo&#8221;,  ha sbuttato il leader di Azione, commentando il &#8216;dialogo&#8217; Schlein-Meloni.\u00a0<\/p>\n<p>\nCalenda apprezza l&#8217;iniziativa di Meloni: &#8220;\u00c8 un segnale di normalizzazione della politica in un momento di crisi internazionale. In tutti i Paesi democratici avanzati dove non c&#8217;\u00e8 la lotta contro il nemico ma un confronto con l&#8217;avversario, in caso di momenti drammatici come quello che stiamo vivendo, con due guerre vicine e uno shock petrolifero in corso, il dovere dell&#8217;opposizione \u00e8 quello di dialogare con la maggioranza&#8221;. \u00a0<\/p>\n<p>&#8220;Dire no, non ci sediamo al tavolo \u00e8 folle. Un autogol clamoroso. Che dimostra che chi comanda nel campo largo \u00e8 Giuseppe Conte, e che non hanno il senso della responsabilit\u00e0 istituzionale&#8221;, conclude.\u00a0<\/p>\n<p>\u00a0<\/p>\n<p>Giuseppe Conte, ospite di SkyTg24, ha criticato Meloni e spiegato il suo no al tavolo a Chigi proposto dalla premier Meloni. &#8220;Quando si tratta dell&#8217;interesse del paese, non ci deve essere maggioranza e opposizione, per questo abbiamo chiamato la Meloni subito in Parlamento, per le vie brevi lo scambio \u00e8 sempre continuato, Crosetto ci aveva avvertito dell&#8217;attacco a Erbil&#8221;, ha detto Conte. \u00a0<\/p>\n<p>&#8220;Io vado a Chigi sul presupposto che ci sia una condivisione poitica su alcuni punti, ma qual \u00e8&#8221; questa condivisione &#8220;se Meloni viene in Parlamento e non riesce a condannare un&#8217;azione in violazione del diritto internazionale di Usa e Israele&#8221;, ha spiegato il leader del Movimento 5 stelle, &#8220;E&#8217; sostanza politica, non polemica, lei continua a difendere un genocida come Netanyahu. Passerelle l\u00ec non vengo a farle, cara Giorgia Meloni&#8221;.\u00a0<\/p>\n<p>\u00a0<\/p>\n<p>&#8212;<\/p>\n<p>politica<\/p>\n<p>webinfo@adnkronos.com (Web Info)<\/p>\n<div style=\"display:flex; gap:10px;justify-content:center\" class=\"wps-pgfw-pdf-generate-icon__wrapper-frontend\">\n\t\t<a  href=\"https:\/\/ciaoup.it?action=genpdf&amp;id=62177\" class=\"pgfw-single-pdf-download-button\" ><img src=\"https:\/\/ciaoup.it\/wp-content\/plugins\/pdf-generator-for-wp\/admin\/src\/images\/PDF_Tray.svg\" title=\"Generate PDF\" style=\"width:auto; height:45px;\"><\/a>\n\t\t<\/div>","protected":false},"excerpt":{"rendered":"<p>(Adnkronos) &#8211; Carlo Calenda attacca Giuseppe Conte ed Elly Schlein. &#8220;Sta crollando il mondo. Lo&hellip;<\/p>\n","protected":false},"author":3,"featured_media":62178,"comment_status":"open","ping_status":"closed","sticky":false,"template":"","format":"standard","meta":{"footnotes":""},"categories":[12],"tags":[3],"class_list":["post-62177","post","type-post","status-publish","format-standard","has-post-thumbnail","hentry","category-comunicati","tag-ultimora"],"_links":{"self":[{"href":"https:\/\/ciaoup.it\/index.php?rest_route=\/wp\/v2\/posts\/62177","targetHints":{"allow":["GET"]}}],"collection":[{"href":"https:\/\/ciaoup.it\/index.php?rest_route=\/wp\/v2\/posts"}],"about":[{"href":"https:\/\/ciaoup.it\/index.php?rest_route=\/wp\/v2\/types\/post"}],"author":[{"embeddable":true,"href":"https:\/\/ciaoup.it\/index.php?rest_route=\/wp\/v2\/users\/3"}],"replies":[{"embeddable":true,"href":"https:\/\/ciaoup.it\/index.php?rest_route=%2Fwp%2Fv2%2Fcomments&post=62177"}],"version-history":[{"count":1,"href":"https:\/\/ciaoup.it\/index.php?rest_route=\/wp\/v2\/posts\/62177\/revisions"}],"predecessor-version":[{"id":62188,"href":"https:\/\/ciaoup.it\/index.php?rest_route=\/wp\/v2\/posts\/62177\/revisions\/62188"}],"wp:featuredmedia":[{"embeddable":true,"href":"https:\/\/ciaoup.it\/index.php?rest_route=\/wp\/v2\/media\/62178"}],"wp:attachment":[{"href":"https:\/\/ciaoup.it\/index.php?rest_route=%2Fwp%2Fv2%2Fmedia&parent=62177"}],"wp:term":[{"taxonomy":"category","embeddable":true,"href":"https:\/\/ciaoup.it\/index.php?rest_route=%2Fwp%2Fv2%2Fcategories&post=62177"},{"taxonomy":"post_tag","embeddable":true,"href":"https:\/\/ciaoup.it\/index.php?rest_route=%2Fwp%2Fv2%2Ftags&post=62177"}],"curies":[{"name":"wp","href":"https:\/\/api.w.org\/{rel}","templated":true}]}}