{"id":62166,"date":"2026-03-14T09:33:00","date_gmt":"2026-03-14T09:33:00","guid":{"rendered":"https:\/\/ciaoup.it\/?p=62166"},"modified":"2026-03-14T09:33:00","modified_gmt":"2026-03-14T09:33:00","slug":"milano-cortina-locatelli-ora-parita-di-trattamento-e-premi-per-atleti-olimpici-e-paralimpici","status":"publish","type":"post","link":"https:\/\/ciaoup.it\/?p=62166","title":{"rendered":"Milano Cortina, Locatelli: &#8220;Ora parit\u00e0 di trattamento e premi per atleti olimpici e paralimpici&#8221;"},"content":{"rendered":"<p> (Adnkronos) &#8211; Le Paralimpiadi di Milano Cortina\u00a02026 si avviano verso il gran finale. Dopo giorni di trionfi per gli atleti italiani, protagonisti di una spedizione memorabile e da record in termini di risultati, i Giochi Paralimpici hanno dimostrato ancora una volta che i limiti possono essere oltrepassati. \u201cSono state medaglie bellissime, con tante emozioni regalate al Paese da atleti straordinari\u201d ha spiegato il ministro per le Disabilit\u00e0 Alessandra Locatelli, ospite all\u2019Adnkronos. \u201cMi sono emozionata. Questi ragazzi hanno superato, nel nostro immaginario, qualsiasi prestazione anche del passato. Siamo molto orgogliosi di loro\u201d. \u00a0<\/p>\n<p>\nMinistro Locatelli, dopo Milano Cortina \u00e8 un\u2019utopia pensare a un\u2019unica manifestazione in grado di unire Olimpiadi e Paralimpiadi?\u00a0\u00a0<\/p>\n<p>\u201cDagli anni Sessanta, quando sono nate le Paralimpiadi, ci sono stati tantissimi cambiamenti nell&#8217;organizzazione, nei luoghi, nell&#8217;allineamento delle edizioni. Cambiare si pu\u00f2 e si deve, perch\u00e9 il mondo \u00e8 cambiato e sono cambiate le persone. Ci sono esigenze diverse. Si farebbe soprattutto per il diritto di questi atleti di avere lo stesso trattamento. \u00c8 un dovere\u201d. \u00a0<\/p>\n<p>\nPoco prima della cerimonia di apertura delle Paralimpiadi aveva detto: \u201cSpero che atleti olimpici e paralimpici possano presto sfilare insieme in un&#8217;unica cerimonia, tutti sotto la bandiera olimpica\u201d. \u00c8 possibile?\u00a0\u00a0<\/p>\n<p>\u201cSecondo me \u00e8 davvero possibile ed \u00e8 il momento giusto per intraprendere la strada, ci sono tutti gli elementi. Queste Olimpiadi e Paralimpiadi hanno avuto delle differenze. Nella visibilit\u00e0, nei premi che vengono assegnati. E penso che i nostri atleti non le meritino, sono tutti straordinari allo stesso modo. Meritano la stessa visibilit\u00e0, le stesse medaglie, che devono avere lo stesso valore, e lo stesso tipo di organizzazione nella cerimonia, nelle gare. Dobbiamo lavorare tutti insieme per far s\u00ec che in futuro sia possibile\u201d. \u00a0<\/p>\n<p>\nIl premio in denaro pubblico fissato dal Comitato paralimpico italiano per i medagliati \u00e8 di 100mila euro per l\u2019oro, 55mila per l\u2019argento, 35mila per il bronzo, mentre il Coni aveva garantito agli azzurri 180mila euro per l\u2019oro, 90mila per l\u2019argento e 60mila per il bronzo. Dopo Milano Cortina si arriver\u00e0 a un\u2019uguaglianza di trattamento economico?\u00a0\u00a0<\/p>\n<p>\u201cSi deve. Quando guardo le gare olimpiche o paralimpiche vedo degli atleti. Mi sembra assurdo che abbiano medaglie con un peso e un valore diverso. Qui deve esserci un allineamento il prima possibile\u201d. \u00a0<\/p>\n<p>\nAltro tema sollevato dai Giochi Paralimpici, a cominciare dalla cerimonia di apertura all\u2019Arena di Verona, \u00e8 l\u2019accessibilit\u00e0. Cos\u2019ha cercato di cambiare Milano Cortina 2026 sotto questo punto di vista?\u00a0\u00a0<\/p>\n<p>\u201cI Giochi sono una grandissima opportunit\u00e0 in termini di infrastrutture, trasporti, organizzazione. Credo che la sfida per il futuro sia mantenere quello che abbiamo ottenuto adesso, anche con il segnale dato dall&#8217;Arena di Verona. Un luogo riconosciuto nel mondo come storico, e forse anche inaccessibile, \u00e8 diventato accessibile per dare visibilit\u00e0 ai Giochi Paralimpici. E poi, se adattiamo le nostre strutture, il territorio, i percorsi e diamo la possibilit\u00e0 di fruire del nostro meraviglioso Paese in tutti i contesti, il vantaggio \u00e8 anche economico\u201d. \u00a0<\/p>\n<p>\u00a0Quale sar\u00e0 l&#8217;eredit\u00e0 delle Paralimpiadi italiane?\u00a0\u00a0<\/p>\n<p>&#8220;Spero che ci sia ancora pi\u00f9 entusiasmo nel capire che in ogni persona si debbano vedere potenzialit\u00e0 e non limiti, non solo quando ci sono gare o manifestazioni di alto livello. Ogni giorno possiamo fare la stessa cosa. Mi auguro che questo momento sia di spinta verso una nuova prospettiva, la strada \u00e8 giusta\u201d. \u00a0<\/p>\n<p>\nCome giudica il modello dei Giochi diffusi?<br \/>\n\u00a0<\/p>\n<p>\u201cDa Milano a Cortina fino a Tesero, visitando le varie localit\u00e0 ho percepito entusiasmo da parte delle comunit\u00e0 coinvolte. Distribuire le gare su pi\u00f9 territori ha permesso di creare un vero circolo virtuoso. Non solo dal punto di vista sportivo, ma anche economico e sociale perch\u00e9 l\u2019evento ha dato a molte pi\u00f9 persone la possibilit\u00e0 di sentirsi parte di qualcosa di importante\u201d. \u00a0<\/p>\n<p>\nCosa si pu\u00f2 fare per incentivare la pratica sportiva delle persone con disabilit\u00e0 in Italia?\u00a0\u00a0<\/p>\n<p>&#8220;Con il nostro ministero cerchiamo di promuovere sempre di pi\u00f9 l&#8217;avvicinamento e l&#8217;avviamento allo sport, anche collaborando con il ministro per lo Sport Andrea Abodi. Sono per\u00f2 ancora poche le persone, i bambini e i ragazzi con disabilit\u00e0 che riescono a intraprendere un percorso sportivo in Italia. C&#8217;\u00e8 un grande impegno nell&#8217;attivarsi con scuole, associazioni e federazioni, ma ci sono da considerare anche i costi e la stessa accessibilit\u00e0 dei centri dove si svolgono le attivit\u00e0 sportive. Bisogna lavorare su pi\u00f9 fronti\u201d. (di Michele Antonelli)\u00a0<\/p>\n<p>&#8212;<\/p>\n<p>milano-cortina-2026\/extra<\/p>\n<p>webinfo@adnkronos.com (Web Info)<\/p>\n<div style=\"display:flex; gap:10px;justify-content:center\" class=\"wps-pgfw-pdf-generate-icon__wrapper-frontend\">\n\t\t<a  href=\"https:\/\/ciaoup.it?action=genpdf&amp;id=62166\" class=\"pgfw-single-pdf-download-button\" ><img src=\"https:\/\/ciaoup.it\/wp-content\/plugins\/pdf-generator-for-wp\/admin\/src\/images\/PDF_Tray.svg\" title=\"Generate PDF\" style=\"width:auto; height:45px;\"><\/a>\n\t\t<\/div>","protected":false},"excerpt":{"rendered":"<p>(Adnkronos) &#8211; Le Paralimpiadi di Milano Cortina\u00a02026 si avviano verso il gran finale. Dopo giorni&hellip;<\/p>\n","protected":false},"author":3,"featured_media":62167,"comment_status":"open","ping_status":"closed","sticky":false,"template":"","format":"standard","meta":{"footnotes":""},"categories":[12],"tags":[3],"class_list":["post-62166","post","type-post","status-publish","format-standard","has-post-thumbnail","hentry","category-comunicati","tag-ultimora"],"_links":{"self":[{"href":"https:\/\/ciaoup.it\/index.php?rest_route=\/wp\/v2\/posts\/62166","targetHints":{"allow":["GET"]}}],"collection":[{"href":"https:\/\/ciaoup.it\/index.php?rest_route=\/wp\/v2\/posts"}],"about":[{"href":"https:\/\/ciaoup.it\/index.php?rest_route=\/wp\/v2\/types\/post"}],"author":[{"embeddable":true,"href":"https:\/\/ciaoup.it\/index.php?rest_route=\/wp\/v2\/users\/3"}],"replies":[{"embeddable":true,"href":"https:\/\/ciaoup.it\/index.php?rest_route=%2Fwp%2Fv2%2Fcomments&post=62166"}],"version-history":[{"count":1,"href":"https:\/\/ciaoup.it\/index.php?rest_route=\/wp\/v2\/posts\/62166\/revisions"}],"predecessor-version":[{"id":62172,"href":"https:\/\/ciaoup.it\/index.php?rest_route=\/wp\/v2\/posts\/62166\/revisions\/62172"}],"wp:featuredmedia":[{"embeddable":true,"href":"https:\/\/ciaoup.it\/index.php?rest_route=\/wp\/v2\/media\/62167"}],"wp:attachment":[{"href":"https:\/\/ciaoup.it\/index.php?rest_route=%2Fwp%2Fv2%2Fmedia&parent=62166"}],"wp:term":[{"taxonomy":"category","embeddable":true,"href":"https:\/\/ciaoup.it\/index.php?rest_route=%2Fwp%2Fv2%2Fcategories&post=62166"},{"taxonomy":"post_tag","embeddable":true,"href":"https:\/\/ciaoup.it\/index.php?rest_route=%2Fwp%2Fv2%2Ftags&post=62166"}],"curies":[{"name":"wp","href":"https:\/\/api.w.org\/{rel}","templated":true}]}}