{"id":62088,"date":"2026-03-13T20:10:19","date_gmt":"2026-03-13T20:10:19","guid":{"rendered":"https:\/\/ciaoup.it\/?p=62088"},"modified":"2026-03-13T20:10:19","modified_gmt":"2026-03-13T20:10:19","slug":"lex-principe-andrea-e-mandelson-in-accappatoio-con-epstein-spunta-la-prima-foto-insieme","status":"publish","type":"post","link":"https:\/\/ciaoup.it\/?p=62088","title":{"rendered":"L&#8217;ex principe Andrea e Mandelson in accappatoio con Epstein, spunta la prima foto insieme"},"content":{"rendered":"<p> (Adnkronos) &#8211;<br \/>\nL&#8217;ex principe Andrea e l&#8217;ex ambasciatore britannico negli Stati Uniti Peter Mandelson, entrambi in accappatoio, seduti attorno a un tavolo di legno accanto al finanziere pedofilo Jeffrey Epstein, morto in carcere nel 2019. Li ritrae insieme una nuova foto, emersa dai documenti resi pubblici dal Dipartimento di Giustizia degli Stati Uniti. Si tratta della prima immagine nota dei tre uomini insieme, sottolinea la Bbc precisando che non sono indicati n\u00e9 il luogo, n\u00e9 la data dello scatto. Secondo ITV News la foto \u00e8 stata scattata a Martha&#8217;s Vineyard, negli Stati Uniti, e si ritiene che risalga al periodo tra il 1999 e il 2000, prima che Epstein venisse condannato a 13 mesi di carcere e registrato come molestatore sessuale.\u00a0<\/p>\n<p>\nMandelson ha in precedenza negato qualsiasi illecito in relazione al suo rapporto con Epstein e ha chiesto scusa alle vittime del finanziere. L&#8217;ex ambasciatore \u00e8 accusato di aver passato informazioni riservate a Epstein durante il suo mandato come ministro del Commercio, dal 2008 al 2010, quando Gordon Brown era primo ministro. Andrea ha perso i suoi titoli reali a causa dei suoi legami con il finanziere. L&#8217;ex principe \u00e8 stato arrestato a Sandringham e rilasciato il 19 febbraio in attesa di indagini per presunte irregolarit\u00e0 nell&#8217;esercizio delle sue funzioni pubbliche.\u00a0<\/p>\n<p>&#8212;<\/p>\n<p>internazionale\/esteri<\/p>\n<p>webinfo@adnkronos.com (Web Info)<\/p>\n<div style=\"display:flex; gap:10px;justify-content:center\" class=\"wps-pgfw-pdf-generate-icon__wrapper-frontend\">\n\t\t<a  href=\"https:\/\/ciaoup.it?action=genpdf&amp;id=62088\" class=\"pgfw-single-pdf-download-button\" ><img src=\"https:\/\/ciaoup.it\/wp-content\/plugins\/pdf-generator-for-wp\/admin\/src\/images\/PDF_Tray.svg\" title=\"Generate PDF\" style=\"width:auto; height:45px;\"><\/a>\n\t\t<\/div>","protected":false},"excerpt":{"rendered":"<p>(Adnkronos) &#8211; L&#8217;ex principe Andrea e l&#8217;ex ambasciatore britannico negli Stati Uniti Peter Mandelson, entrambi&hellip;<\/p>\n","protected":false},"author":3,"featured_media":62089,"comment_status":"open","ping_status":"closed","sticky":false,"template":"","format":"standard","meta":{"footnotes":""},"categories":[12],"tags":[3],"class_list":["post-62088","post","type-post","status-publish","format-standard","has-post-thumbnail","hentry","category-comunicati","tag-ultimora"],"_links":{"self":[{"href":"https:\/\/ciaoup.it\/index.php?rest_route=\/wp\/v2\/posts\/62088","targetHints":{"allow":["GET"]}}],"collection":[{"href":"https:\/\/ciaoup.it\/index.php?rest_route=\/wp\/v2\/posts"}],"about":[{"href":"https:\/\/ciaoup.it\/index.php?rest_route=\/wp\/v2\/types\/post"}],"author":[{"embeddable":true,"href":"https:\/\/ciaoup.it\/index.php?rest_route=\/wp\/v2\/users\/3"}],"replies":[{"embeddable":true,"href":"https:\/\/ciaoup.it\/index.php?rest_route=%2Fwp%2Fv2%2Fcomments&post=62088"}],"version-history":[{"count":1,"href":"https:\/\/ciaoup.it\/index.php?rest_route=\/wp\/v2\/posts\/62088\/revisions"}],"predecessor-version":[{"id":62090,"href":"https:\/\/ciaoup.it\/index.php?rest_route=\/wp\/v2\/posts\/62088\/revisions\/62090"}],"wp:featuredmedia":[{"embeddable":true,"href":"https:\/\/ciaoup.it\/index.php?rest_route=\/wp\/v2\/media\/62089"}],"wp:attachment":[{"href":"https:\/\/ciaoup.it\/index.php?rest_route=%2Fwp%2Fv2%2Fmedia&parent=62088"}],"wp:term":[{"taxonomy":"category","embeddable":true,"href":"https:\/\/ciaoup.it\/index.php?rest_route=%2Fwp%2Fv2%2Fcategories&post=62088"},{"taxonomy":"post_tag","embeddable":true,"href":"https:\/\/ciaoup.it\/index.php?rest_route=%2Fwp%2Fv2%2Ftags&post=62088"}],"curies":[{"name":"wp","href":"https:\/\/api.w.org\/{rel}","templated":true}]}}