{"id":62071,"date":"2026-03-13T18:31:27","date_gmt":"2026-03-13T18:31:27","guid":{"rendered":"https:\/\/ciaoup.it\/?p=62071"},"modified":"2026-03-13T18:31:27","modified_gmt":"2026-03-13T18:31:27","slug":"biennale-arte-mic-chiede-documenti-su-compatibilita-padiglione-russo-con-sanzioni","status":"publish","type":"post","link":"https:\/\/ciaoup.it\/?p=62071","title":{"rendered":"Biennale Arte, Mic chiede documenti su compatibilit\u00e0 Padiglione russo con sanzioni"},"content":{"rendered":"<p> (Adnkronos) &#8211;<br \/>\nIl Ministero della Cultura ha chiesto alla Fondazione La Biennale di Venezia di fornire, con la massima urgenza, elementi in merito alla partecipazione della Federazione Russa alla 61\/a Esposizione Internazionale d&#8217;Arte, con particolare riferimento alle modalit\u00e0 di allestimento e di gestione del Padiglione e alla loro compatibilit\u00e0 con il regime sanzionatorio in vigore. Lo rende noto un comunicato del MiC.\u00a0<\/p>\n<p>&#8220;Al fine di chiarire i termini della partecipazione nazionale alla Biennale 2026&#8221;, il MiC &#8220;ha richiesto copia integrale della corrispondenza fra la Fondazione e le autorit\u00e0 russe, finalizzata alla definizione degli assetti organizzativi e gestionali della presenza della Federazione Russa a Venezia&#8221;.\u00a0<\/p>\n<p>La Russia non \u00e8 stata invitata alla 61esima Esposizione Internazionale d\u2019Arte della Biennale di Venezia, che si svolger\u00e0 da sabato 9 maggio a domenica 22 novembre 2026 con la partecipazione di 99 Paesi e 31 eventi collaterali. La presenza della Federazione Russa deriva, invece, da una procedura ordinaria prevista dal regolamento della manifestazione per i Paesi che possiedono un proprio padiglione ai Giardini. La Russia \u00e8 proprietaria di un padiglione ai Giardini dal 1914. In totale sono 29 i Paesi proprietarie di un padiglione nazionale alla Biennale, a cui da quest&#8217;anno si aggiunger\u00e0 il Qatar.\u00a0<\/p>\n<p>La presenza della Federazione Russa alla 61esima Esposizione Internazionale d\u2019Arte della Biennale di Venezia \u00e8 &#8220;inaccettabile nelle attuali circostanze&#8221;. Ventidue Paesi europei hanno firmato una lettera indirizzata al presidente della Biennale di Venezia, Pietrangelo Buttafuoco, e ai membri del Consiglio di amministrazione per esprimere la loro contrariet\u00e0 alla partecipazione della Russia, attraverso una mostra allestita nel proprio padiglione nazionale, alla Biennale Arte in programma dal 9 maggio al 22 novembre 2026. Nel documento, sottoscritto da ministri della Cultura e degli Affari esteri, i firmatari affermano di voler ribadire il proprio impegno nei confronti dei \u201ccomuni valori europei &#8211; libert\u00e0 artistica e libert\u00e0 di espressione, e rispetto della dignit\u00e0 umana\u201d, ricordando come la Biennale di Venezia rappresenti da oltre un secolo \u201cuna delle pi\u00f9 prestigiose espressioni di libert\u00e0 artistica al mondo\u201d.\u00a0<\/p>\n<p>&#8212;<\/p>\n<p>cultura<\/p>\n<p>webinfo@adnkronos.com (Web Info)<\/p>\n<div style=\"display:flex; gap:10px;justify-content:center\" class=\"wps-pgfw-pdf-generate-icon__wrapper-frontend\">\n\t\t<a  href=\"https:\/\/ciaoup.it?action=genpdf&amp;id=62071\" class=\"pgfw-single-pdf-download-button\" ><img src=\"https:\/\/ciaoup.it\/wp-content\/plugins\/pdf-generator-for-wp\/admin\/src\/images\/PDF_Tray.svg\" title=\"Generate PDF\" style=\"width:auto; height:45px;\"><\/a>\n\t\t<\/div>","protected":false},"excerpt":{"rendered":"<p>(Adnkronos) &#8211; Il Ministero della Cultura ha chiesto alla Fondazione La Biennale di Venezia di&hellip;<\/p>\n","protected":false},"author":3,"featured_media":62072,"comment_status":"open","ping_status":"closed","sticky":false,"template":"","format":"standard","meta":{"footnotes":""},"categories":[12],"tags":[3],"class_list":["post-62071","post","type-post","status-publish","format-standard","has-post-thumbnail","hentry","category-comunicati","tag-ultimora"],"_links":{"self":[{"href":"https:\/\/ciaoup.it\/index.php?rest_route=\/wp\/v2\/posts\/62071","targetHints":{"allow":["GET"]}}],"collection":[{"href":"https:\/\/ciaoup.it\/index.php?rest_route=\/wp\/v2\/posts"}],"about":[{"href":"https:\/\/ciaoup.it\/index.php?rest_route=\/wp\/v2\/types\/post"}],"author":[{"embeddable":true,"href":"https:\/\/ciaoup.it\/index.php?rest_route=\/wp\/v2\/users\/3"}],"replies":[{"embeddable":true,"href":"https:\/\/ciaoup.it\/index.php?rest_route=%2Fwp%2Fv2%2Fcomments&post=62071"}],"version-history":[{"count":1,"href":"https:\/\/ciaoup.it\/index.php?rest_route=\/wp\/v2\/posts\/62071\/revisions"}],"predecessor-version":[{"id":62084,"href":"https:\/\/ciaoup.it\/index.php?rest_route=\/wp\/v2\/posts\/62071\/revisions\/62084"}],"wp:featuredmedia":[{"embeddable":true,"href":"https:\/\/ciaoup.it\/index.php?rest_route=\/wp\/v2\/media\/62072"}],"wp:attachment":[{"href":"https:\/\/ciaoup.it\/index.php?rest_route=%2Fwp%2Fv2%2Fmedia&parent=62071"}],"wp:term":[{"taxonomy":"category","embeddable":true,"href":"https:\/\/ciaoup.it\/index.php?rest_route=%2Fwp%2Fv2%2Fcategories&post=62071"},{"taxonomy":"post_tag","embeddable":true,"href":"https:\/\/ciaoup.it\/index.php?rest_route=%2Fwp%2Fv2%2Ftags&post=62071"}],"curies":[{"name":"wp","href":"https:\/\/api.w.org\/{rel}","templated":true}]}}