{"id":62049,"date":"2026-03-13T17:20:12","date_gmt":"2026-03-13T17:20:12","guid":{"rendered":"https:\/\/ciaoup.it\/?p=62049"},"modified":"2026-03-13T17:20:12","modified_gmt":"2026-03-13T17:20:12","slug":"grimaldi-alis-letexpo-crocevia-di-opportunita-a-livello-mondiale","status":"publish","type":"post","link":"https:\/\/ciaoup.it\/?p=62049","title":{"rendered":"Grimaldi (Alis): &#8220;LetExpo crocevia di opportunit\u00e0 a livello mondiale&#8221;"},"content":{"rendered":"<p> (Adnkronos) &#8211; La V edizione di LetExpo ha contato un totale di \u201c550 espositori, oltre 120mila presenze, con una crescita del 10% come numero e del 25% in termini di espositori internazionali. In questi padiglioni non si ascoltava solo la lingua, in questi giorni, ma sentivo persone provenienti da tutto il mondo &#8211; sottolinea Grimaldi &#8211; Pertanto, oggi LetExpo non \u00e8 pi\u00f9 solo una fiera importante a livello italiano ed europeo, ma un crocevia e non di opportunit\u00e0 a livello mondiale. Siamo veramente felici che questa V edizione si concluda nel migliore dei modi\u201d. Sono le dichiarazioni di Guido Grimaldi, presidente di Alis &#8211; Associazione logistica dell&#8217;intermodalit\u00e0 sostenibile, alla giornata inaugurale dell\u2019edizione 2026 di LetExpo, la kermesse punto di riferimento per i trasporti, la logistica, i servizi alle imprese e la sostenibilit\u00e0 , in svolgimento a Verona fino al 13 marzo.\u00a0<\/p>\n<p>\u201cIl bilancio di questa V edizione di LetExpo \u00e8 estremamente positivo. C\u2019\u00e8 stata una partecipazione e un entusiasmo molto forti da parte dei giovani, degli imprenditori, dei lavoratori e di tutti coloro che sono intervenuti in queste giornate. Siamo felici del plauso e del rispetto ricevuti da parte del governo, i cui esponenti sono intervenuti fin dal primo giorno. La kermesse \u00e8 stata aperta con la partecipazione del vice premier Matteo Salvini, ci sono stati messaggi da parte dei ministri Lollobrigida, Crosetto, Pichetto Fratin e molti altri non meno importanti &#8211; spiega &#8211; Abbiamo visto poi la presenza del ministro Alessandra Locatelli e ,per concludere, oggi ci ha fatto visita il ministro Casellati. Questo per noi \u00e8 un elemento che determina un bilancio straordinario di questa giornata\u201d.\u00a0<\/p>\n<p>Guardando poi al contesto geopolitico ed economico internazionale, Grimaldi riflette sulla situazione del Paese e del comparto: \u201cSiamo estremamente preoccupati per la situazione, ma lo siamo pi\u00f9 per il Paese che per il settore, che \u00e8 forte, resiliente e procede. Un aumento del costo energetico del 70% in tre mesi e del 50% nell&#8217;ultimo mese avr\u00e0 delle ripercussioni e degli aumenti &#8211; conclude &#8211; Il Paese e l&#8217;Europa, per\u00f2, possono intervenire per fermare questo \u2018shock\u2019 attraverso una compensazione: se fermassimo la tassa ideologica Ets (Emissions trading system), in questo momento, probabilmente compenseremo il danno, che, purtroppo, andremo a soffrire nelle prossime settimane. I trasporti e logistica continuano a lavorare per il rispetto dei Paesi con grande resilienza, forza e coraggio. Ma questo non basta, serve una politica europea e serve un&#8217;Italia sempre pi\u00f9 determinata. Siamo fiduciosi che le cose andranno bene\u201d.\u00a0<\/p>\n<p>&#8212;<\/p>\n<p>economia<\/p>\n<p>webinfo@adnkronos.com (Web Info)<\/p>\n<div style=\"display:flex; gap:10px;justify-content:center\" class=\"wps-pgfw-pdf-generate-icon__wrapper-frontend\">\n\t\t<a  href=\"https:\/\/ciaoup.it?action=genpdf&amp;id=62049\" class=\"pgfw-single-pdf-download-button\" ><img src=\"https:\/\/ciaoup.it\/wp-content\/plugins\/pdf-generator-for-wp\/admin\/src\/images\/PDF_Tray.svg\" title=\"Generate PDF\" style=\"width:auto; height:45px;\"><\/a>\n\t\t<\/div>","protected":false},"excerpt":{"rendered":"<p>(Adnkronos) &#8211; La V edizione di LetExpo ha contato un totale di \u201c550 espositori, oltre&hellip;<\/p>\n","protected":false},"author":3,"featured_media":62050,"comment_status":"open","ping_status":"closed","sticky":false,"template":"","format":"standard","meta":{"footnotes":""},"categories":[12],"tags":[3],"class_list":["post-62049","post","type-post","status-publish","format-standard","has-post-thumbnail","hentry","category-comunicati","tag-ultimora"],"_links":{"self":[{"href":"https:\/\/ciaoup.it\/index.php?rest_route=\/wp\/v2\/posts\/62049","targetHints":{"allow":["GET"]}}],"collection":[{"href":"https:\/\/ciaoup.it\/index.php?rest_route=\/wp\/v2\/posts"}],"about":[{"href":"https:\/\/ciaoup.it\/index.php?rest_route=\/wp\/v2\/types\/post"}],"author":[{"embeddable":true,"href":"https:\/\/ciaoup.it\/index.php?rest_route=\/wp\/v2\/users\/3"}],"replies":[{"embeddable":true,"href":"https:\/\/ciaoup.it\/index.php?rest_route=%2Fwp%2Fv2%2Fcomments&post=62049"}],"version-history":[{"count":1,"href":"https:\/\/ciaoup.it\/index.php?rest_route=\/wp\/v2\/posts\/62049\/revisions"}],"predecessor-version":[{"id":62068,"href":"https:\/\/ciaoup.it\/index.php?rest_route=\/wp\/v2\/posts\/62049\/revisions\/62068"}],"wp:featuredmedia":[{"embeddable":true,"href":"https:\/\/ciaoup.it\/index.php?rest_route=\/wp\/v2\/media\/62050"}],"wp:attachment":[{"href":"https:\/\/ciaoup.it\/index.php?rest_route=%2Fwp%2Fv2%2Fmedia&parent=62049"}],"wp:term":[{"taxonomy":"category","embeddable":true,"href":"https:\/\/ciaoup.it\/index.php?rest_route=%2Fwp%2Fv2%2Fcategories&post=62049"},{"taxonomy":"post_tag","embeddable":true,"href":"https:\/\/ciaoup.it\/index.php?rest_route=%2Fwp%2Fv2%2Ftags&post=62049"}],"curies":[{"name":"wp","href":"https:\/\/api.w.org\/{rel}","templated":true}]}}