{"id":62039,"date":"2026-03-13T16:39:58","date_gmt":"2026-03-13T16:39:58","guid":{"rendered":"https:\/\/ciaoup.it\/?p=62039"},"modified":"2026-03-13T16:39:58","modified_gmt":"2026-03-13T16:39:58","slug":"informazione-nasce-spes-talks-il-16-marzo-a-roma-il-primo-incontro-su-media-e-guerre-contemporanee","status":"publish","type":"post","link":"https:\/\/ciaoup.it\/?p=62039","title":{"rendered":"Informazione: nasce &#8216;Spes Talks&#8217;, il 16 marzo a Roma il primo incontro su media e guerre contemporanee"},"content":{"rendered":"<p> (Adnkronos) &#8211; Nasce Spes Talks, il nuovo format di dialogo e approfondimento promosso dalla Spes Academy \u201cCarlo Azeglio Ciampi\u201d, in collaborazione con UnitelmaSapienza \u2013 Universit\u00e0 degli Studi di Roma, con l\u2019obiettivo di favorire il confronto tra istituzioni, imprese, mondo accademico, sistema finanziario e media sui principali scenari di trasformazione economica, sociale e geopolitica. Il primo appuntamento del ciclo si terr\u00e0 luned\u00ec 16 marzo alle ore 14.00 nella sala conferenze di UnitelmaSapienza, in piazza Sassari 4 a Roma, ed \u00e8 dedicato al tema \u201cI media e le guerre di oggi. Il racconto delle crisi\u201d, con un focus sul ruolo dell\u2019informazione nel contesto dei conflitti contemporanei, sulle sfide poste dalla comunicazione delle crisi e sull\u2019impatto della disinformazione nei contesti geopolitici globali.\u00a0<\/p>\n<p>\u00a0\u00a0<\/p>\n<p>L\u2019incontro sar\u00e0 aperto dai saluti istituzionali del rettore di UnitelmaSapienza Bruno Botta, mentre Valerio De Luca, direttore della Spes Academy \u201cCarlo Azeglio Ciampi\u201d e presidente della Fondazione Aises Ets, introdurr\u00e0 i lavori. Interverranno Monica Giandotti, giornalista e conduttrice Rai, e Roberto Sommella, direttore di Milano Finanza. Il dibattito sar\u00e0 moderato da Roberto Sciarrone di UnitelmaSapienza.\u00a0<\/p>\n<p>\u00a0\u00a0<\/p>\n<p>\u201cGli Spes Talks nascono con l\u2019obiettivo di creare uno spazio stabile di confronto tra istituzioni, mondo accademico, imprese e media sui grandi cambiamenti che stanno ridisegnando gli equilibri economici, politici e tecnologici a livello globale \u2013 afferma Valerio De Luca \u2013 In un contesto internazionale caratterizzato da crisi geopolitiche, trasformazioni digitali e crescente complessit\u00e0 decisionale, diventa fondamentale promuovere momenti di dialogo qualificato capaci di mettere in relazione competenze, analisi e responsabilit\u00e0 istituzionali\u201d. Il ciclo di incontri si inserisce nel quadro del protocollo di Intesa sottoscritto nel 2023 tra Fondazione Aises e UnitelmaSapienza, volto a promuovere iniziative comuni nei campi della formazione, della ricerca e del dialogo istituzionale. L\u2019iniziativa si svolge con il patrocinio della Rai e con Adnkronos come media partner.\u00a0<\/p>\n<p>&#8212;<\/p>\n<p>cronaca<\/p>\n<p>webinfo@adnkronos.com (Web Info)<\/p>\n<div style=\"display:flex; gap:10px;justify-content:center\" class=\"wps-pgfw-pdf-generate-icon__wrapper-frontend\">\n\t\t<a  href=\"https:\/\/ciaoup.it?action=genpdf&amp;id=62039\" class=\"pgfw-single-pdf-download-button\" ><img src=\"https:\/\/ciaoup.it\/wp-content\/plugins\/pdf-generator-for-wp\/admin\/src\/images\/PDF_Tray.svg\" title=\"Generate PDF\" style=\"width:auto; height:45px;\"><\/a>\n\t\t<\/div>","protected":false},"excerpt":{"rendered":"<p>(Adnkronos) &#8211; Nasce Spes Talks, il nuovo format di dialogo e approfondimento promosso dalla Spes&hellip;<\/p>\n","protected":false},"author":3,"featured_media":62040,"comment_status":"open","ping_status":"closed","sticky":false,"template":"","format":"standard","meta":{"footnotes":""},"categories":[12],"tags":[3],"class_list":["post-62039","post","type-post","status-publish","format-standard","has-post-thumbnail","hentry","category-comunicati","tag-ultimora"],"_links":{"self":[{"href":"https:\/\/ciaoup.it\/index.php?rest_route=\/wp\/v2\/posts\/62039","targetHints":{"allow":["GET"]}}],"collection":[{"href":"https:\/\/ciaoup.it\/index.php?rest_route=\/wp\/v2\/posts"}],"about":[{"href":"https:\/\/ciaoup.it\/index.php?rest_route=\/wp\/v2\/types\/post"}],"author":[{"embeddable":true,"href":"https:\/\/ciaoup.it\/index.php?rest_route=\/wp\/v2\/users\/3"}],"replies":[{"embeddable":true,"href":"https:\/\/ciaoup.it\/index.php?rest_route=%2Fwp%2Fv2%2Fcomments&post=62039"}],"version-history":[{"count":1,"href":"https:\/\/ciaoup.it\/index.php?rest_route=\/wp\/v2\/posts\/62039\/revisions"}],"predecessor-version":[{"id":62059,"href":"https:\/\/ciaoup.it\/index.php?rest_route=\/wp\/v2\/posts\/62039\/revisions\/62059"}],"wp:featuredmedia":[{"embeddable":true,"href":"https:\/\/ciaoup.it\/index.php?rest_route=\/wp\/v2\/media\/62040"}],"wp:attachment":[{"href":"https:\/\/ciaoup.it\/index.php?rest_route=%2Fwp%2Fv2%2Fmedia&parent=62039"}],"wp:term":[{"taxonomy":"category","embeddable":true,"href":"https:\/\/ciaoup.it\/index.php?rest_route=%2Fwp%2Fv2%2Fcategories&post=62039"},{"taxonomy":"post_tag","embeddable":true,"href":"https:\/\/ciaoup.it\/index.php?rest_route=%2Fwp%2Fv2%2Ftags&post=62039"}],"curies":[{"name":"wp","href":"https:\/\/api.w.org\/{rel}","templated":true}]}}