{"id":62038,"date":"2026-03-13T16:44:05","date_gmt":"2026-03-13T16:44:05","guid":{"rendered":"https:\/\/ciaoup.it\/?p=62038"},"modified":"2026-03-13T16:44:05","modified_gmt":"2026-03-13T16:44:05","slug":"pasini-let-expo-conferma-importanza-logistica-per-verona","status":"publish","type":"post","link":"https:\/\/ciaoup.it\/?p=62038","title":{"rendered":"Pasini: &#8220;Let Expo conferma importanza logistica per Verona&#8221;"},"content":{"rendered":"<p> (Adnkronos) &#8211; \u201cLetExpo \u00e8 un evento eccezionale che io considero fondamentale per la nostra citt\u00e0 di Verona, proprio perch\u00e9 Verona vive un presente importante. La logistica \u00e8 sempre stata essenziale per la citt\u00e0 e in questi anni sta vivendo dei cambiamenti notevoli\u201d. Queste le parole di Flavio Massimo Pasini, Presidente della Provincia di Verona, presente all\u2019inaugurazione di LetExpo, la manifestazione fieristica punto di riferimento per i trasporti, la logistica, i servizi alle imprese e la sostenibilit\u00e0, organizzata da Alis Service in collaborazione con Veronafiere e promossa da Alis &#8211; Associazione logistica dell&#8217;intermodalit\u00e0 sostenibile.\u00a0<\/p>\n<p>E prosegue: \u201cPotrei parlarvi dei corridoi europei, del successo del nostro quadrante Europa, ma preferirei soffermarmi di pi\u00f9 sul territorio, sui sindaci dei vari comuni che formano i soci della nostra provincia. In queste terre vengono fatti degli investimenti, e la logistica offre una nuova giovinezza a livello occupazionale e a livello di infrastrutture, ma come tutti gli argomenti c\u2019\u00e8 un progresso che va subito e soprattutto cavalcato\u201d.\u00a0<\/p>\n<p>\u201cBisogna farsi trovare pronti di fronte a uno sviluppo che va governato \u2013 continua Pasini \u2013 e che riguarda la sostenibilit\u00e0 dell\u2019ambiente sociale ed economico. LetExpo non \u00e8 una vetrina, \u00e8 un luogo importante in cui s\u2019intrecciano i rapporti, dove si vedono persone, dove ci si scambia idee: la Fiera di Verona e la visione strategica di Alis stanno procedendo nella giusta direzione\u201d conclude.\u00a0<\/p>\n<p>&#8212;<\/p>\n<p>economia<\/p>\n<p>webinfo@adnkronos.com (Web Info)<\/p>\n<div style=\"display:flex; gap:10px;justify-content:center\" class=\"wps-pgfw-pdf-generate-icon__wrapper-frontend\">\n\t\t<a  href=\"https:\/\/ciaoup.it?action=genpdf&amp;id=62038\" class=\"pgfw-single-pdf-download-button\" ><img src=\"https:\/\/ciaoup.it\/wp-content\/plugins\/pdf-generator-for-wp\/admin\/src\/images\/PDF_Tray.svg\" title=\"Generate PDF\" style=\"width:auto; height:45px;\"><\/a>\n\t\t<\/div>","protected":false},"excerpt":{"rendered":"<p>(Adnkronos) &#8211; \u201cLetExpo \u00e8 un evento eccezionale che io considero fondamentale per la nostra citt\u00e0&hellip;<\/p>\n","protected":false},"author":3,"featured_media":0,"comment_status":"open","ping_status":"closed","sticky":false,"template":"","format":"standard","meta":{"footnotes":""},"categories":[12],"tags":[3],"class_list":["post-62038","post","type-post","status-publish","format-standard","hentry","category-comunicati","tag-ultimora"],"_links":{"self":[{"href":"https:\/\/ciaoup.it\/index.php?rest_route=\/wp\/v2\/posts\/62038","targetHints":{"allow":["GET"]}}],"collection":[{"href":"https:\/\/ciaoup.it\/index.php?rest_route=\/wp\/v2\/posts"}],"about":[{"href":"https:\/\/ciaoup.it\/index.php?rest_route=\/wp\/v2\/types\/post"}],"author":[{"embeddable":true,"href":"https:\/\/ciaoup.it\/index.php?rest_route=\/wp\/v2\/users\/3"}],"replies":[{"embeddable":true,"href":"https:\/\/ciaoup.it\/index.php?rest_route=%2Fwp%2Fv2%2Fcomments&post=62038"}],"version-history":[{"count":1,"href":"https:\/\/ciaoup.it\/index.php?rest_route=\/wp\/v2\/posts\/62038\/revisions"}],"predecessor-version":[{"id":62060,"href":"https:\/\/ciaoup.it\/index.php?rest_route=\/wp\/v2\/posts\/62038\/revisions\/62060"}],"wp:attachment":[{"href":"https:\/\/ciaoup.it\/index.php?rest_route=%2Fwp%2Fv2%2Fmedia&parent=62038"}],"wp:term":[{"taxonomy":"category","embeddable":true,"href":"https:\/\/ciaoup.it\/index.php?rest_route=%2Fwp%2Fv2%2Fcategories&post=62038"},{"taxonomy":"post_tag","embeddable":true,"href":"https:\/\/ciaoup.it\/index.php?rest_route=%2Fwp%2Fv2%2Ftags&post=62038"}],"curies":[{"name":"wp","href":"https:\/\/api.w.org\/{rel}","templated":true}]}}