{"id":62015,"date":"2026-03-13T15:38:12","date_gmt":"2026-03-13T15:38:12","guid":{"rendered":"https:\/\/ciaoup.it\/?p=62015"},"modified":"2026-03-13T15:38:12","modified_gmt":"2026-03-13T15:38:12","slug":"canta-che-ti-passa","status":"publish","type":"post","link":"https:\/\/ciaoup.it\/?p=62015","title":{"rendered":"Canta che ti passa"},"content":{"rendered":"<p> (Adnkronos) &#8211; &#8220;Italiani popolo di santi, poeti e navigatori&#8221; ma soprattutto di cantanti, verrebbe da dire guardando l&#8217;attuale stagione tv. Proseguendo una tendenza in atto da qualche anno, i palinsesti 2025-2026 sono zeppi di programmi a sfondo musicale, tanto che Rai e Mediaset hanno rispolverato anche format storici come &#8216;Canzonissima&#8217; (che prender\u00e0 il via sabato 21 marzo su Rai1 contro il Serale di &#8216;Amici&#8217; su Canale 5) e il Karaoke (che diventer\u00e0 &#8216;Super Karaoke&#8217; con la conduzione di Michelle Hunziker). Ma la lista \u00e8 ben pi\u00f9 lunga: il festival di Sanremo, che ha ritrovato forza e pubblico giovane, si \u00e8 dotato dello spin-off &#8216;Sanremo Top&#8217;, per cavalcare per altri due sabati (7 e 14 marzo) l&#8217;onda lunga della kermesse; Paolo Bonolis ha inaugurato &#8216;Taratata&#8217; portando musica live di qualit\u00e0 nel prime time di Canale 5; &#8216;The Voice&#8217; su Rai1 conta ormai quattro versioni, oltre alla tradizionale ci sono &#8216;The Voice Senior&#8217;, &#8216;The Voice Kids&#8217; e &#8216;The Voice Generation&#8217;; lo stesso \u00e8 accaduto con &#8216;Io Canto&#8217; su Canale 5, dove sono arrivati negli anni anche &#8216;Io canto Generation&#8217;, &#8216;Io canto Family&#8217; e &#8216;Io canto Senior&#8217;; da &#8216;Tale e Quale Show&#8217; su Rai1 \u00e8 nato anche lo spin off nip &#8216;Tali e Quali&#8217;. Per non parlare di &#8216;X Factor&#8217; su Sky e degli show estivi delle reti generaliste, dai &#8216;Music Awards&#8217; di Rai1 dall&#8217;Arena di Verona ai &#8216;Battiti Live&#8217; di Italia 1, e alle riprese dei concerti (su Canale 5, da Gigi D&#8217;Alessio ad Alessandra Amoroso, da Il Volo a Sal Da Vinci, su Rai1 il grande concerto celebrativo &#8216;Pino \u00e8&#8217;, a 10 anni dalla scomparsa del grande cantautore Pino Daniele). Ma non basta, la tendenza ha coinvolto sempre di pi\u00f9 anche la fiction, almeno quella del servizio pubblico: da Rino Gaetano a Franco Califano, da Fabrizio De Andr\u00e9 a Peppino Di Capri, a Franco Battiato, si sono moltiplicate le serie biopic sui grandi cantautori.    \u00a0<\/p>\n<p>E pensare che qualche anno fa tra gli addetti ai lavori era frequente affermare che &#8220;la musica in tv non funziona&#8221;. Allora, cosa \u00e8 cambiato? Probabilmente, nella rivoluzione che ha portato tanto pubblico a spostarsi sull&#8217;on demand e sulle piattaforme di intrattenimento in streaming, la musica \u00e8 un genere che si adatta bene alla fruizione lineare (quella da prendere al volo nel palinsesto delle reti generaliste). Qualcuno sostiene anche che il fenomeno si leghi (come il grande ritorno degli italiani all&#8217;acquisto dei biglietti per i concerti) ad una sorta di reazione agli anni del covid. Sicuramente il fattore culturale \u00e8 determinante e non si pu\u00f2 negare che la cultura italiana sia legata a doppio filo all&#8217;arte di intrattenere cantando.  \u00a0<\/p>\n<p>Ma ci sono naturalmente anche ragioni economiche e creative a sostengo del trend: il contenuto di questi programmi non va tutto scritto ex novo. Visto che le canzoni sono gi\u00e0 state prodotte, basta pagare dei diritti per farle ricantare in un programma. Ma la scrittura del programma pu\u00f2 concentrarsi sulla confezione. Infine, come ha spiegato all&#8217;Adnkronos il Ceo di Fimi, Enzo Mazza, c&#8217;\u00e8 un altro fattore importante che gioca a favore di questa tendenza: &#8220;La musica \u00e8 un prodotto molto appetibile per gli investitori pubblicitari che raggiungono pubblici diversi e in alcuni casi, come a Sanremo, anche un pubblico molto giovane, molto ricercato dai brand&#8221;. Insomma, canta che (la crisi della tv generalista) ti passa. (di Antonella Nesi)  \u00a0<\/p>\n<p>\u00a0<\/p>\n<p>\u00a0\u00a0<\/p>\n<p>&#8212;<\/p>\n<p>spettacoli<\/p>\n<p>webinfo@adnkronos.com (Web Info)<\/p>\n<div style=\"display:flex; gap:10px;justify-content:center\" class=\"wps-pgfw-pdf-generate-icon__wrapper-frontend\">\n\t\t<a  href=\"https:\/\/ciaoup.it?action=genpdf&amp;id=62015\" class=\"pgfw-single-pdf-download-button\" ><img src=\"https:\/\/ciaoup.it\/wp-content\/plugins\/pdf-generator-for-wp\/admin\/src\/images\/PDF_Tray.svg\" title=\"Generate PDF\" style=\"width:auto; height:45px;\"><\/a>\n\t\t<\/div>","protected":false},"excerpt":{"rendered":"<p>(Adnkronos) &#8211; &#8220;Italiani popolo di santi, poeti e navigatori&#8221; ma soprattutto di cantanti, verrebbe da&hellip;<\/p>\n","protected":false},"author":3,"featured_media":62016,"comment_status":"open","ping_status":"closed","sticky":false,"template":"","format":"standard","meta":{"footnotes":""},"categories":[12],"tags":[3],"class_list":["post-62015","post","type-post","status-publish","format-standard","has-post-thumbnail","hentry","category-comunicati","tag-ultimora"],"_links":{"self":[{"href":"https:\/\/ciaoup.it\/index.php?rest_route=\/wp\/v2\/posts\/62015","targetHints":{"allow":["GET"]}}],"collection":[{"href":"https:\/\/ciaoup.it\/index.php?rest_route=\/wp\/v2\/posts"}],"about":[{"href":"https:\/\/ciaoup.it\/index.php?rest_route=\/wp\/v2\/types\/post"}],"author":[{"embeddable":true,"href":"https:\/\/ciaoup.it\/index.php?rest_route=\/wp\/v2\/users\/3"}],"replies":[{"embeddable":true,"href":"https:\/\/ciaoup.it\/index.php?rest_route=%2Fwp%2Fv2%2Fcomments&post=62015"}],"version-history":[{"count":1,"href":"https:\/\/ciaoup.it\/index.php?rest_route=\/wp\/v2\/posts\/62015\/revisions"}],"predecessor-version":[{"id":62034,"href":"https:\/\/ciaoup.it\/index.php?rest_route=\/wp\/v2\/posts\/62015\/revisions\/62034"}],"wp:featuredmedia":[{"embeddable":true,"href":"https:\/\/ciaoup.it\/index.php?rest_route=\/wp\/v2\/media\/62016"}],"wp:attachment":[{"href":"https:\/\/ciaoup.it\/index.php?rest_route=%2Fwp%2Fv2%2Fmedia&parent=62015"}],"wp:term":[{"taxonomy":"category","embeddable":true,"href":"https:\/\/ciaoup.it\/index.php?rest_route=%2Fwp%2Fv2%2Fcategories&post=62015"},{"taxonomy":"post_tag","embeddable":true,"href":"https:\/\/ciaoup.it\/index.php?rest_route=%2Fwp%2Fv2%2Ftags&post=62015"}],"curies":[{"name":"wp","href":"https:\/\/api.w.org\/{rel}","templated":true}]}}