{"id":61985,"date":"2026-03-13T14:40:19","date_gmt":"2026-03-13T14:40:19","guid":{"rendered":"https:\/\/ciaoup.it\/?p=61985"},"modified":"2026-03-13T14:40:19","modified_gmt":"2026-03-13T14:40:19","slug":"paesi-bassi-esplode-ordigno-fuori-da-sinagoga-a-rotterdam-4-arresti","status":"publish","type":"post","link":"https:\/\/ciaoup.it\/?p=61985","title":{"rendered":"Paesi Bassi, esplode ordigno fuori da sinagoga a Rotterdam: 4 arresti"},"content":{"rendered":"<p> (Adnkronos) &#8211; La polizia olandese ha annunciato l&#8217;arresto di quattro giovani sospettati di aver provocato, la scorsa notte, un&#8217;esplosione all&#8217;esterno di una sinagoga a Rotterdam, che ha causato un incendio e danni all&#8217;edificio. Dopo l&#8217;esplosione, la polizia ha monitorato altre sinagoghe a scopo precauzionale e ha fermato un veicolo nei pressi di un altro edificio, guidato da una persona corrispondente alla descrizione di uno dei sospettati. &#8220;Non \u00e8 ancora chiaro se i sospettati avessero intenzione di far esplodere un ordigno o di incendiare anche un&#8217;altra sinagoga&#8221;, ha dichiarato la polizia, senza specificare alcun possibile movente. \u00a0<\/p>\n<p>\nIl ministro della Giustizia David van Weel ha affermato che l&#8217;attacco \u00e8 stata una &#8220;notizia terribile&#8221;. \u201cNon tollereremo antisemitismo, intimidazioni e violenza. Le autorit\u00e0 locali stanno garantendo la sicurezza delle sinagoghe\u201d, ha scritto su X, esprimendo solidariet\u00e0 alla comunit\u00e0 ebraica olandese e aggiungendo: &#8220;Devono sentirsi al sicuro nei Paesi Bassi&#8221;. La sindaca di Rotterdam, Carola Schouten, ha dichiarato che l&#8217;attacco ha causato &#8220;molta ansia tra i nostri concittadini ebrei&#8221;. In citt\u00e0 &#8211; ha aggiunto &#8211;  non c&#8217;\u00e8 posto per l&#8217;antisemitismo, l&#8217;intimidazione, la violenza o l&#8217;odio verso le comunit\u00e0 religiose.\u00a0<\/p>\n<p>&#8212;<\/p>\n<p>internazionale\/esteri<\/p>\n<p>webinfo@adnkronos.com (Web Info)<\/p>\n<div style=\"display:flex; gap:10px;justify-content:center\" class=\"wps-pgfw-pdf-generate-icon__wrapper-frontend\">\n\t\t<a  href=\"https:\/\/ciaoup.it?action=genpdf&amp;id=61985\" class=\"pgfw-single-pdf-download-button\" ><img src=\"https:\/\/ciaoup.it\/wp-content\/plugins\/pdf-generator-for-wp\/admin\/src\/images\/PDF_Tray.svg\" title=\"Generate PDF\" style=\"width:auto; height:45px;\"><\/a>\n\t\t<\/div>","protected":false},"excerpt":{"rendered":"<p>(Adnkronos) &#8211; La polizia olandese ha annunciato l&#8217;arresto di quattro giovani sospettati di aver provocato,&hellip;<\/p>\n","protected":false},"author":3,"featured_media":61986,"comment_status":"open","ping_status":"closed","sticky":false,"template":"","format":"standard","meta":{"footnotes":""},"categories":[12],"tags":[3],"class_list":["post-61985","post","type-post","status-publish","format-standard","has-post-thumbnail","hentry","category-comunicati","tag-ultimora"],"_links":{"self":[{"href":"https:\/\/ciaoup.it\/index.php?rest_route=\/wp\/v2\/posts\/61985","targetHints":{"allow":["GET"]}}],"collection":[{"href":"https:\/\/ciaoup.it\/index.php?rest_route=\/wp\/v2\/posts"}],"about":[{"href":"https:\/\/ciaoup.it\/index.php?rest_route=\/wp\/v2\/types\/post"}],"author":[{"embeddable":true,"href":"https:\/\/ciaoup.it\/index.php?rest_route=\/wp\/v2\/users\/3"}],"replies":[{"embeddable":true,"href":"https:\/\/ciaoup.it\/index.php?rest_route=%2Fwp%2Fv2%2Fcomments&post=61985"}],"version-history":[{"count":1,"href":"https:\/\/ciaoup.it\/index.php?rest_route=\/wp\/v2\/posts\/61985\/revisions"}],"predecessor-version":[{"id":62008,"href":"https:\/\/ciaoup.it\/index.php?rest_route=\/wp\/v2\/posts\/61985\/revisions\/62008"}],"wp:featuredmedia":[{"embeddable":true,"href":"https:\/\/ciaoup.it\/index.php?rest_route=\/wp\/v2\/media\/61986"}],"wp:attachment":[{"href":"https:\/\/ciaoup.it\/index.php?rest_route=%2Fwp%2Fv2%2Fmedia&parent=61985"}],"wp:term":[{"taxonomy":"category","embeddable":true,"href":"https:\/\/ciaoup.it\/index.php?rest_route=%2Fwp%2Fv2%2Fcategories&post=61985"},{"taxonomy":"post_tag","embeddable":true,"href":"https:\/\/ciaoup.it\/index.php?rest_route=%2Fwp%2Fv2%2Ftags&post=61985"}],"curies":[{"name":"wp","href":"https:\/\/api.w.org\/{rel}","templated":true}]}}