{"id":61979,"date":"2026-03-13T14:56:43","date_gmt":"2026-03-13T14:56:43","guid":{"rendered":"https:\/\/ciaoup.it\/?p=61979"},"modified":"2026-03-13T14:56:43","modified_gmt":"2026-03-13T14:56:43","slug":"di-caterina-alis-v-edizione-letexpo-supera-130mila-presenze","status":"publish","type":"post","link":"https:\/\/ciaoup.it\/?p=61979","title":{"rendered":"Di Caterina (Alis): &#8220;V edizione LetExpo supera 130mila presenze&#8221;"},"content":{"rendered":"<p> (Adnkronos) &#8211; &#8220;Siamo molto soddisfatti di questa V edizione di LetExpo: abbiamo superato le 130mila presenze. Personalmente, ho voluto parlare con tutti gli stakeholders e gli espositori. C&#8217;\u00e8 stata molta attivit\u00e0 B2B che li ha resi molto felici e molta attivit\u00e0 politico-istituzionale, che \u00e8 stata ripresa da tutti i media. Pertanto, Let Expo si conferma sempre di pi\u00f9 un punto di riferimento sullo stato di salute del Paese, della politica e dell&#8217;attivit\u00e0 finanziaria ed economica italiana. Siamo felici di averla riproposta come V edizione, ancora una volta qui a Verona, nodo centrale e strategico per tutto l&#8217;asse che arriva dal Nord Europa\u201d. A dirlo Marcello Di Caterina, Vicepresidente e Direttore Generale di Alis &#8211; Associazione logistica dell&#8217;intermodalit\u00e0 sostenibile a LetExpo 2026, la manifestazione di riferimento per i trasporti, la logistica, i servizi alle imprese e la sostenibilit\u00e0, a Verona fino al 13 marzo. \u00a0<\/p>\n<p>\u201cRiteniamo che questa esperienza debba andare avanti ed essere promotrice di idee e istanze per la politica, e di presenze aziendali con ci\u00f2 che possono proporre in termini di innovazioni tecnologiche, in relazione all&#8217;intelligenza artificiale, che, ormai, \u00e8 la nuova frontiera dei nostri giorni e a tutte le novit\u00e0 che arrivano dal mondo dell\u2019industria e della produzione &#8211; conclude Di Caterina &#8211; sia per quanto riguarda il settore marittimo, presente dal primo minuto, ma anche quello stradale e ferroviario, nonch\u00e9 il settore aereo, partito da poco e sul quale stiamo sempre di pi\u00f9 investendo e crescendo\u201d.\u00a0<\/p>\n<p>&#8212;<\/p>\n<p>economia<\/p>\n<p>webinfo@adnkronos.com (Web Info)<\/p>\n<div style=\"display:flex; gap:10px;justify-content:center\" class=\"wps-pgfw-pdf-generate-icon__wrapper-frontend\">\n\t\t<a  href=\"https:\/\/ciaoup.it?action=genpdf&amp;id=61979\" class=\"pgfw-single-pdf-download-button\" ><img src=\"https:\/\/ciaoup.it\/wp-content\/plugins\/pdf-generator-for-wp\/admin\/src\/images\/PDF_Tray.svg\" title=\"Generate PDF\" style=\"width:auto; height:45px;\"><\/a>\n\t\t<\/div>","protected":false},"excerpt":{"rendered":"<p>(Adnkronos) &#8211; &#8220;Siamo molto soddisfatti di questa V edizione di LetExpo: abbiamo superato le 130mila&hellip;<\/p>\n","protected":false},"author":3,"featured_media":61980,"comment_status":"open","ping_status":"closed","sticky":false,"template":"","format":"standard","meta":{"footnotes":""},"categories":[12],"tags":[3],"class_list":["post-61979","post","type-post","status-publish","format-standard","has-post-thumbnail","hentry","category-comunicati","tag-ultimora"],"_links":{"self":[{"href":"https:\/\/ciaoup.it\/index.php?rest_route=\/wp\/v2\/posts\/61979","targetHints":{"allow":["GET"]}}],"collection":[{"href":"https:\/\/ciaoup.it\/index.php?rest_route=\/wp\/v2\/posts"}],"about":[{"href":"https:\/\/ciaoup.it\/index.php?rest_route=\/wp\/v2\/types\/post"}],"author":[{"embeddable":true,"href":"https:\/\/ciaoup.it\/index.php?rest_route=\/wp\/v2\/users\/3"}],"replies":[{"embeddable":true,"href":"https:\/\/ciaoup.it\/index.php?rest_route=%2Fwp%2Fv2%2Fcomments&post=61979"}],"version-history":[{"count":1,"href":"https:\/\/ciaoup.it\/index.php?rest_route=\/wp\/v2\/posts\/61979\/revisions"}],"predecessor-version":[{"id":62011,"href":"https:\/\/ciaoup.it\/index.php?rest_route=\/wp\/v2\/posts\/61979\/revisions\/62011"}],"wp:featuredmedia":[{"embeddable":true,"href":"https:\/\/ciaoup.it\/index.php?rest_route=\/wp\/v2\/media\/61980"}],"wp:attachment":[{"href":"https:\/\/ciaoup.it\/index.php?rest_route=%2Fwp%2Fv2%2Fmedia&parent=61979"}],"wp:term":[{"taxonomy":"category","embeddable":true,"href":"https:\/\/ciaoup.it\/index.php?rest_route=%2Fwp%2Fv2%2Fcategories&post=61979"},{"taxonomy":"post_tag","embeddable":true,"href":"https:\/\/ciaoup.it\/index.php?rest_route=%2Fwp%2Fv2%2Ftags&post=61979"}],"curies":[{"name":"wp","href":"https:\/\/api.w.org\/{rel}","templated":true}]}}