{"id":61873,"date":"2026-03-13T11:03:47","date_gmt":"2026-03-13T11:03:47","guid":{"rendered":"https:\/\/ciaoup.it\/?p=61873"},"modified":"2026-03-13T11:03:47","modified_gmt":"2026-03-13T11:03:47","slug":"gratteri-minacce-al-foglio-non-era-mia-intenzione-ma-da-mesi-vengo-attaccato","status":"publish","type":"post","link":"https:\/\/ciaoup.it\/?p=61873","title":{"rendered":"Gratteri: &#8220;Minacce al Foglio? Non era mia intenzione ma da mesi vengo attaccato&#8221;"},"content":{"rendered":"<p> (Adnkronos) &#8211; &#8220;Non era mio intento minacciare, chi mi conosce sa quanto io stimi e consideri il giornalismo. Anzi, \u00e8 proprio questo governo che in una delle riforme che ha fatto, impedisce ai giornalisti, soprattutto quelli di cronaca nera, di fare il loro lavoro: addirittura non possono virgolettare pezzi di ordinanze di custodia cautelare, che invece garantirebbero meglio il pensiero del giudice&#8221;. Lo ha detto il procuratore di Napoli Nicola Gratteri, ospite a Start su Sky, relativamente alle sue dichiarazioni espresse a una giornalista del Foglio nel corso di una intervista.\u00a0<\/p>\n<p>&#8220;Da parte mia, assolutamente, non \u00e8 intenzione minacciare nessuno, per\u00f2 &#8211; aggiunge &#8211; \u00e8 anche vero e sotto gli occhi di tutti che io da mesi, in modo sistematico, vengo attaccato ogni mattina da diversi giornali scrivendo cose false in tutto o in parte e quindi ho detto, dopo il referendum, tiriamo una linea. Io adesso sono impegnato a fare il procuratore della Repubblica di Napoli, sono impegnato, usando giorni di ferie, ad andare in giro a parlare per il No. Dopo il referendum decider\u00f2 cosa fare di ogni articolo diffamatorio&#8221;.\u00a0<\/p>\n<p>&#8212;<\/p>\n<p>politica<\/p>\n<p>webinfo@adnkronos.com (Web Info)<\/p>\n<div style=\"display:flex; gap:10px;justify-content:center\" class=\"wps-pgfw-pdf-generate-icon__wrapper-frontend\">\n\t\t<a  href=\"https:\/\/ciaoup.it?action=genpdf&amp;id=61873\" class=\"pgfw-single-pdf-download-button\" ><img src=\"https:\/\/ciaoup.it\/wp-content\/plugins\/pdf-generator-for-wp\/admin\/src\/images\/PDF_Tray.svg\" title=\"Generate PDF\" style=\"width:auto; height:45px;\"><\/a>\n\t\t<\/div>","protected":false},"excerpt":{"rendered":"<p>(Adnkronos) &#8211; &#8220;Non era mio intento minacciare, chi mi conosce sa quanto io stimi e&hellip;<\/p>\n","protected":false},"author":3,"featured_media":61874,"comment_status":"open","ping_status":"closed","sticky":false,"template":"","format":"standard","meta":{"footnotes":""},"categories":[12],"tags":[3],"class_list":["post-61873","post","type-post","status-publish","format-standard","has-post-thumbnail","hentry","category-comunicati","tag-ultimora"],"_links":{"self":[{"href":"https:\/\/ciaoup.it\/index.php?rest_route=\/wp\/v2\/posts\/61873","targetHints":{"allow":["GET"]}}],"collection":[{"href":"https:\/\/ciaoup.it\/index.php?rest_route=\/wp\/v2\/posts"}],"about":[{"href":"https:\/\/ciaoup.it\/index.php?rest_route=\/wp\/v2\/types\/post"}],"author":[{"embeddable":true,"href":"https:\/\/ciaoup.it\/index.php?rest_route=\/wp\/v2\/users\/3"}],"replies":[{"embeddable":true,"href":"https:\/\/ciaoup.it\/index.php?rest_route=%2Fwp%2Fv2%2Fcomments&post=61873"}],"version-history":[{"count":1,"href":"https:\/\/ciaoup.it\/index.php?rest_route=\/wp\/v2\/posts\/61873\/revisions"}],"predecessor-version":[{"id":61876,"href":"https:\/\/ciaoup.it\/index.php?rest_route=\/wp\/v2\/posts\/61873\/revisions\/61876"}],"wp:featuredmedia":[{"embeddable":true,"href":"https:\/\/ciaoup.it\/index.php?rest_route=\/wp\/v2\/media\/61874"}],"wp:attachment":[{"href":"https:\/\/ciaoup.it\/index.php?rest_route=%2Fwp%2Fv2%2Fmedia&parent=61873"}],"wp:term":[{"taxonomy":"category","embeddable":true,"href":"https:\/\/ciaoup.it\/index.php?rest_route=%2Fwp%2Fv2%2Fcategories&post=61873"},{"taxonomy":"post_tag","embeddable":true,"href":"https:\/\/ciaoup.it\/index.php?rest_route=%2Fwp%2Fv2%2Ftags&post=61873"}],"curies":[{"name":"wp","href":"https:\/\/api.w.org\/{rel}","templated":true}]}}