{"id":61838,"date":"2026-03-13T09:40:00","date_gmt":"2026-03-13T09:40:00","guid":{"rendered":"https:\/\/ciaoup.it\/?p=61838"},"modified":"2026-03-13T09:40:00","modified_gmt":"2026-03-13T09:40:00","slug":"demografia-e-capitale-umano-al-centro-del-confronto-a-letexpo","status":"publish","type":"post","link":"https:\/\/ciaoup.it\/?p=61838","title":{"rendered":"Demografia e capitale umano al centro del confronto a LetExpo \ufeff"},"content":{"rendered":"<p>COMUNICATO STAMPA &#8211; CONTENUTO PROMOZIONALE<\/p>\n<p>\nVerona, 13 marzo 2026 \u2013 Demografia, lavoro e competitivit\u00e0 delle filiere produttive sono stati al centro dell\u2019incontro \u201cDemografia e capitale umano: la vera sfida industriale dell\u2019Italia nella geopolitica delle filiere\u201d, svoltosi all\u2019ALIS Hub nell\u2019ambito di LetExpo 2026, appuntamento internazionale dedicato alla logistica, ai trasporti e allo sviluppo delle supply chain.\u00a0<\/p>\n<p>All\u2019incontro hanno preso parte Achille Ducoli, Presidente di SIRIP \u2013 Sindacato dei Rappresentanti di Interessi Parlamentari, Pietro Vivone, presidente nazionale FedAPI \u2013 Federazione Artigiani e Piccoli Imprenditori, Gelila Guenzi, esperta di public affairs, lobbying e relazioni istituzionali per l\u2019internazionalizzazione delle imprese, Amedeo Bonomi, amministratore delegato di Omal S.p.A., Marco Rossi, CEO di Risposta Serramenti Srl, Angelica De Vito, Sustainability Manager di EY, e Gianmarco Ponticelli, della Fondazione ENEF, esperto di processi di internazionalizzazione e gestione del personale nei mercati internazionali.\u00a0<\/p>\n<p>Nel corso del dibattito \u00e8 emerso come la questione demografica rappresenti oggi una delle principali sfide per la competitivit\u00e0 del sistema produttivo italiano.\u00a0<\/p>\n<p>Secondo Pietro Vivone, presidente nazionale FedAPI e segretario generale SIRIP, il tema non pu\u00f2 essere affrontato soltanto come una questione statistica, ma deve essere letto come un vero fattore economico e industriale.\u00a0<\/p>\n<p>\u201cLa demografia non \u00e8 soltanto una questione statistica. \u00c8 una questione di competitivit\u00e0 del sistema produttivo. Negli anni passati erano i lavoratori a inseguire le aziende, oggi accade sempre pi\u00f9 spesso il contrario: sono le imprese a inseguire i lavoratori. In molti settori non mancano solo professionalit\u00e0 particolari: spesso mancano semplicemente le persone. Questo sta diventando un fattore che incide direttamente sulla capacit\u00e0 delle imprese di crescere e di rispondere alle opportunit\u00e0 del mercato\u201d.\u00a0<\/p>\n<p>Particolarmente complessa \u00e8 la situazione delle piccole e medie imprese, che rappresentano la parte pi\u00f9 ampia del tessuto produttivo italiano e che spesso devono affrontare ulteriori difficolt\u00e0 organizzative nella gestione del personale.\u00a0<\/p>\n<p>\u201cLe piccole realt\u00e0 imprenditoriali vivono una doppia difficolt\u00e0. Da un lato la carenza generale di lavoratori, dall\u2019altro l\u2019assenza di strutture interne dedicate alla gestione delle risorse umane. Molte PMI non hanno un responsabile del personale e devono gestire direttamente selezione, organizzazione del lavoro e sostituzioni, con la necessit\u00e0 di intervenire rapidamente soprattutto quando l\u2019organico \u00e8 ridotto\u201d.\u00a0<\/p>\n<p>Nel confronto \u00e8 emersa anche la necessit\u00e0 di rafforzare il dialogo tra imprese, istituzioni e sistema della formazione, valorizzando maggiormente il lavoro tecnico e professionale e pianificando in modo pi\u00f9 efficace i flussi di lavoro, anche a livello internazionale.\u00a0<\/p>\n<p>A sintetizzare il nodo centrale della questione \u00e8 stato lo stesso Vivone nella conclusione del suo intervento.\u00a0<\/p>\n<p>\n\u201cOggi il vero rischio per l\u2019Italia non \u00e8 perdere i mercati. Il vero rischio \u00e8 non avere abbastanza persone per servirli. Per molte imprese il problema non \u00e8 trovare le commesse, ma trovare i lavoratori per realizzarle\u201d.<br \/>\n\u00a0<\/p>\n<p>\nContatti:<br \/>\nFedAPI &#8211; Federazione Artigiani e Piccoli Imprenditori<br \/>\ninfo@fedapi.it<br \/>\ntel: 06 20195 976\u00a0<\/p>\n<\/p>\n<p>COMUNICATO STAMPA &#8211; CONTENUTO PROMOZIONALE<\/p>\n<p>Responsabilit\u00e0 editoriale di FedAPI &#8211; Federazione Artigiani e Piccoli Imprenditori<\/p>\n<p>&#8212;<\/p>\n<p>immediapress<\/p><\/p>\n<div style=\"display:flex; gap:10px;justify-content:center\" class=\"wps-pgfw-pdf-generate-icon__wrapper-frontend\">\n\t\t<a  href=\"https:\/\/ciaoup.it?action=genpdf&amp;id=61838\" class=\"pgfw-single-pdf-download-button\" ><img src=\"https:\/\/ciaoup.it\/wp-content\/plugins\/pdf-generator-for-wp\/admin\/src\/images\/PDF_Tray.svg\" title=\"Generate PDF\" style=\"width:auto; height:45px;\"><\/a>\n\t\t<\/div>","protected":false},"excerpt":{"rendered":"<p>COMUNICATO STAMPA &#8211; CONTENUTO PROMOZIONALE Verona, 13 marzo 2026 \u2013 Demografia, lavoro e competitivit\u00e0 delle&hellip;<\/p>\n","protected":false},"author":3,"featured_media":61839,"comment_status":"open","ping_status":"closed","sticky":false,"template":"","format":"standard","meta":{"footnotes":""},"categories":[12],"tags":[23],"class_list":["post-61838","post","type-post","status-publish","format-standard","has-post-thumbnail","hentry","category-comunicati","tag-immediapress"],"_links":{"self":[{"href":"https:\/\/ciaoup.it\/index.php?rest_route=\/wp\/v2\/posts\/61838","targetHints":{"allow":["GET"]}}],"collection":[{"href":"https:\/\/ciaoup.it\/index.php?rest_route=\/wp\/v2\/posts"}],"about":[{"href":"https:\/\/ciaoup.it\/index.php?rest_route=\/wp\/v2\/types\/post"}],"author":[{"embeddable":true,"href":"https:\/\/ciaoup.it\/index.php?rest_route=\/wp\/v2\/users\/3"}],"replies":[{"embeddable":true,"href":"https:\/\/ciaoup.it\/index.php?rest_route=%2Fwp%2Fv2%2Fcomments&post=61838"}],"version-history":[{"count":1,"href":"https:\/\/ciaoup.it\/index.php?rest_route=\/wp\/v2\/posts\/61838\/revisions"}],"predecessor-version":[{"id":61853,"href":"https:\/\/ciaoup.it\/index.php?rest_route=\/wp\/v2\/posts\/61838\/revisions\/61853"}],"wp:featuredmedia":[{"embeddable":true,"href":"https:\/\/ciaoup.it\/index.php?rest_route=\/wp\/v2\/media\/61839"}],"wp:attachment":[{"href":"https:\/\/ciaoup.it\/index.php?rest_route=%2Fwp%2Fv2%2Fmedia&parent=61838"}],"wp:term":[{"taxonomy":"category","embeddable":true,"href":"https:\/\/ciaoup.it\/index.php?rest_route=%2Fwp%2Fv2%2Fcategories&post=61838"},{"taxonomy":"post_tag","embeddable":true,"href":"https:\/\/ciaoup.it\/index.php?rest_route=%2Fwp%2Fv2%2Ftags&post=61838"}],"curies":[{"name":"wp","href":"https:\/\/api.w.org\/{rel}","templated":true}]}}