{"id":61798,"date":"2026-03-13T06:41:08","date_gmt":"2026-03-13T06:41:08","guid":{"rendered":"https:\/\/ciaoup.it\/?p=61798"},"modified":"2026-03-13T06:41:08","modified_gmt":"2026-03-13T06:41:08","slug":"the-voice-generations-stasera-13-febbraio-le-anticipazioni","status":"publish","type":"post","link":"https:\/\/ciaoup.it\/?p=61798","title":{"rendered":"The Voice Generations, stasera 13 febbraio: le anticipazioni"},"content":{"rendered":"<p> (Adnkronos) &#8211; Stasera, venerd\u00ec 13 febbraio, andr\u00e0 in onda il secondo appuntamento con &#8216;The voice generations&#8217;, lo spin-off di The Voice, condotto da Antonella Clerici, dove a sfidarsi sono famiglie, amici e colleghi di generazioni differenti uniti da un legame di sangue, di amicizia, di &#8216;amore&#8217; e, soprattutto, da una grande passione: la musica.\u00a0<\/p>\n<p>La puntata in onda alle 21.30 su Rai 1 \u00e8 dedicata alle &#8216;Blind Auditions&#8217;, in cui i coach Loredana Bert\u00e8, Arisa, Nek, Clementino e Rocco Hunt, dando le spalle ai concorrenti, ascolteranno le esibizioni dei gruppi in gara lasciandosi guidare solo dalle loro voci.\u00a0<\/p>\n<p>Se la performance li convincer\u00e0, potranno decidere di voltarsi, prima della fine dell\u2019esibizione, per aggiudicarsi il gruppo nella propria squadra. Nel caso in cui pi\u00f9 coach si voltino, sar\u00e0 il gruppo a scegliere con quale giudice proseguire il percorso. Anche in &#8216;The Voice Generations&#8217; i coach avranno la possibilit\u00e0 \u2013 una a testa per tutta la fase di &#8216;Blind&#8217; &#8211; di bloccare un altro giudice tramite il tasto &#8216;Super Blocco&#8217;, impedendogli di portare quel gruppo nel proprio team. \u00a0<\/p>\n<p>Al termine della terza &#8216;Blind&#8217;, ciascun coach dovr\u00e0 aver completato la propria squadra con 7 gruppi, ma sar\u00e0 costretto, attraverso il meccanismo del &#8216;Cut&#8217;, a sceglierne solo 3. Saranno cos\u00ec 12 in totale i gruppi vocali che accederanno alla spettacolare Finale di venerd\u00ec 27 marzo dove sar\u00e0 eletto il gruppo vincitore della seconda stagione di &#8216;The Voice Generations&#8217;. \u00a0<\/p>\n<p>Una nuova edizione ricca di musica, emozione e divertimento dove ogni gruppo che si esibir\u00e0 sul palco di The Voice Generations porter\u00e0 la propria storia e ci far\u00e0 conoscere il legame che spinge diverse generazioni a riunirsi sotto il segno della musica. \u00a0<\/p>\n<p>&#8212;<\/p>\n<p>spettacoli<\/p>\n<p>webinfo@adnkronos.com (Web Info)<\/p>\n<div style=\"display:flex; gap:10px;justify-content:center\" class=\"wps-pgfw-pdf-generate-icon__wrapper-frontend\">\n\t\t<a  href=\"https:\/\/ciaoup.it?action=genpdf&amp;id=61798\" class=\"pgfw-single-pdf-download-button\" ><img src=\"https:\/\/ciaoup.it\/wp-content\/plugins\/pdf-generator-for-wp\/admin\/src\/images\/PDF_Tray.svg\" title=\"Generate PDF\" style=\"width:auto; height:45px;\"><\/a>\n\t\t<\/div>","protected":false},"excerpt":{"rendered":"<p>(Adnkronos) &#8211; Stasera, venerd\u00ec 13 febbraio, andr\u00e0 in onda il secondo appuntamento con &#8216;The voice&hellip;<\/p>\n","protected":false},"author":3,"featured_media":61799,"comment_status":"open","ping_status":"closed","sticky":false,"template":"","format":"standard","meta":{"footnotes":""},"categories":[12],"tags":[3],"class_list":["post-61798","post","type-post","status-publish","format-standard","has-post-thumbnail","hentry","category-comunicati","tag-ultimora"],"_links":{"self":[{"href":"https:\/\/ciaoup.it\/index.php?rest_route=\/wp\/v2\/posts\/61798","targetHints":{"allow":["GET"]}}],"collection":[{"href":"https:\/\/ciaoup.it\/index.php?rest_route=\/wp\/v2\/posts"}],"about":[{"href":"https:\/\/ciaoup.it\/index.php?rest_route=\/wp\/v2\/types\/post"}],"author":[{"embeddable":true,"href":"https:\/\/ciaoup.it\/index.php?rest_route=\/wp\/v2\/users\/3"}],"replies":[{"embeddable":true,"href":"https:\/\/ciaoup.it\/index.php?rest_route=%2Fwp%2Fv2%2Fcomments&post=61798"}],"version-history":[{"count":1,"href":"https:\/\/ciaoup.it\/index.php?rest_route=\/wp\/v2\/posts\/61798\/revisions"}],"predecessor-version":[{"id":61804,"href":"https:\/\/ciaoup.it\/index.php?rest_route=\/wp\/v2\/posts\/61798\/revisions\/61804"}],"wp:featuredmedia":[{"embeddable":true,"href":"https:\/\/ciaoup.it\/index.php?rest_route=\/wp\/v2\/media\/61799"}],"wp:attachment":[{"href":"https:\/\/ciaoup.it\/index.php?rest_route=%2Fwp%2Fv2%2Fmedia&parent=61798"}],"wp:term":[{"taxonomy":"category","embeddable":true,"href":"https:\/\/ciaoup.it\/index.php?rest_route=%2Fwp%2Fv2%2Fcategories&post=61798"},{"taxonomy":"post_tag","embeddable":true,"href":"https:\/\/ciaoup.it\/index.php?rest_route=%2Fwp%2Fv2%2Ftags&post=61798"}],"curies":[{"name":"wp","href":"https:\/\/api.w.org\/{rel}","templated":true}]}}