{"id":61777,"date":"2026-03-13T00:17:39","date_gmt":"2026-03-13T00:17:39","guid":{"rendered":"https:\/\/ciaoup.it\/?p=61777"},"modified":"2026-03-13T00:17:39","modified_gmt":"2026-03-13T00:17:39","slug":"addio-a-enrica-bonaccorti-oggi-la-camera-ardente-aperta-al-pubblico","status":"publish","type":"post","link":"https:\/\/ciaoup.it\/?p=61777","title":{"rendered":"Addio a Enrica Bonaccorti, oggi la camera ardente aperta al pubblico"},"content":{"rendered":"<p> (Adnkronos) &#8211; Sar\u00e0 aperta oggi al pubblico la camera ardente di Enrica Bonaccorti. La conduttrice televisiva \u00e8 morta ieri all&#8217;et\u00e0 di 76 anni in seguito alle complicazioni di un tumore al pancreas diagnosticato a met\u00e0 del 2025.\u00a0<\/p>\n<p>Il decesso \u00e8 avvenuto nella clinica Ars Medica nella zona di Ponte Milvio, il quartiere dove Enrica Bonaccorti viveva. L\u00ec, nella giornata di ieri, si \u00e8 tenuta la camera ardente riservata a familiari e amici stretti, che oggi invece sar\u00e0 aperta al pubblico.\u00a0<\/p>\n<p>\u00a0<\/p>\n<p>I funerali si terranno domani, sabato 14 marzo, alle ore 15, nella Chiesa di Santa Maria in Montesanto, conosciuta come Chiesa degli Artisti, in piazza del Popolo a Roma.\u00a0<\/p>\n<p>Enrica Bonaccorti ha affrontato negli ultimi mesi una lunga e dolorosa battaglia contro un tumore al pancreas, malattia tra le pi\u00f9 aggressive e difficili da trattare, diagnosticata all&#8217;inizo dell\u2019estate del 2025.\u00a0<\/p>\n<p>La scoperta del tumore, nel mese di giugno di un anno fa, ha segnato un momento di forte shock per la conduttrice, che in poche ore ha visto la sua vita rivoluzionata. &#8220;Mi sono come congelata: non ho provato n\u00e9 paura n\u00e9 tristezza, ma solo un\u2019assenza, come un lungo letargo a occhi aperti&#8221;, aveva raccontato in un\u2019intervista al Tg1 nell\u2019ottobre 2025. La reazione immediata \u00e8 stata quella di isolarsi, evitando contatti sia con il pubblico che con amici e familiari, fino a rendere pubblica la malattia dopo mesi di silenzio.\u00a0<\/p>\n<p>&#8212;<\/p>\n<p>spettacoli<\/p>\n<p>webinfo@adnkronos.com (Web Info)<\/p>\n<div style=\"display:flex; gap:10px;justify-content:center\" class=\"wps-pgfw-pdf-generate-icon__wrapper-frontend\">\n\t\t<a  href=\"https:\/\/ciaoup.it?action=genpdf&amp;id=61777\" class=\"pgfw-single-pdf-download-button\" ><img src=\"https:\/\/ciaoup.it\/wp-content\/plugins\/pdf-generator-for-wp\/admin\/src\/images\/PDF_Tray.svg\" title=\"Generate PDF\" style=\"width:auto; height:45px;\"><\/a>\n\t\t<\/div>","protected":false},"excerpt":{"rendered":"<p>(Adnkronos) &#8211; Sar\u00e0 aperta oggi al pubblico la camera ardente di Enrica Bonaccorti. La conduttrice&hellip;<\/p>\n","protected":false},"author":3,"featured_media":61778,"comment_status":"open","ping_status":"closed","sticky":false,"template":"","format":"standard","meta":{"footnotes":""},"categories":[12],"tags":[3],"class_list":["post-61777","post","type-post","status-publish","format-standard","has-post-thumbnail","hentry","category-comunicati","tag-ultimora"],"_links":{"self":[{"href":"https:\/\/ciaoup.it\/index.php?rest_route=\/wp\/v2\/posts\/61777","targetHints":{"allow":["GET"]}}],"collection":[{"href":"https:\/\/ciaoup.it\/index.php?rest_route=\/wp\/v2\/posts"}],"about":[{"href":"https:\/\/ciaoup.it\/index.php?rest_route=\/wp\/v2\/types\/post"}],"author":[{"embeddable":true,"href":"https:\/\/ciaoup.it\/index.php?rest_route=\/wp\/v2\/users\/3"}],"replies":[{"embeddable":true,"href":"https:\/\/ciaoup.it\/index.php?rest_route=%2Fwp%2Fv2%2Fcomments&post=61777"}],"version-history":[{"count":1,"href":"https:\/\/ciaoup.it\/index.php?rest_route=\/wp\/v2\/posts\/61777\/revisions"}],"predecessor-version":[{"id":61785,"href":"https:\/\/ciaoup.it\/index.php?rest_route=\/wp\/v2\/posts\/61777\/revisions\/61785"}],"wp:featuredmedia":[{"embeddable":true,"href":"https:\/\/ciaoup.it\/index.php?rest_route=\/wp\/v2\/media\/61778"}],"wp:attachment":[{"href":"https:\/\/ciaoup.it\/index.php?rest_route=%2Fwp%2Fv2%2Fmedia&parent=61777"}],"wp:term":[{"taxonomy":"category","embeddable":true,"href":"https:\/\/ciaoup.it\/index.php?rest_route=%2Fwp%2Fv2%2Fcategories&post=61777"},{"taxonomy":"post_tag","embeddable":true,"href":"https:\/\/ciaoup.it\/index.php?rest_route=%2Fwp%2Fv2%2Ftags&post=61777"}],"curies":[{"name":"wp","href":"https:\/\/api.w.org\/{rel}","templated":true}]}}