{"id":61756,"date":"2026-03-12T18:53:00","date_gmt":"2026-03-12T18:53:00","guid":{"rendered":"https:\/\/ciaoup.it\/?p=61756"},"modified":"2026-03-12T18:53:00","modified_gmt":"2026-03-12T18:53:00","slug":"referendum-meloni-nessuno-ha-in-mente-di-liberarsi-della-magistratura-riforma-traguardo-epocale","status":"publish","type":"post","link":"https:\/\/ciaoup.it\/?p=61756","title":{"rendered":"Referendum, Meloni: &#8220;Nessuno ha in mente di liberarsi della magistratura, riforma traguardo epocale&#8221;"},"content":{"rendered":"<p> (Adnkronos) &#8211; &#8220;Non ci interessa il destino personale di qualcuno, ma quello della Nazione&#8221;. E&#8217; quanto ha detto la presidente del Consiglio Giorgia Meloni dal palco del Teatro Parenti, a Milano oggi, gioved\u00ec 12 marzo, dal palco di un evento sul Referendum della giustizia, organizzato da Fratelli d\u2019Italia. Tra la folla esposti cartelli a favore del \u2018S\u00ec\u2019. &#8220;Nessuno ha in mente di liberarsi della magistratura&#8221;, ha detto Meloni, accolta da un coro di &#8220;sei stupenda&#8221;. &#8220;Qui \u00e8 tutta una questione di coraggio: il coraggio di riformare quello che sembrava irriformabile, intoccabile, indiscutibile; il coraggio di maturare le proprie convinzioni andando nel merito delle cose, interrogandosi con la propria testa oltre la coltre fumogena degli allarmismi, delle mistificazioni e perfino delle menzogne che abbiamo ascoltato in questi mesi. E soprattutto il coraggio di voler cambiare per migliorare le cose&#8221;. In passato, &#8220;io non devo ricordare quante volte gli sforzi concreti per riformare la giustizia sono naufragati a causa dell\u2019interdizione esercitata dai vertici dell\u2019Associazione Nazionale Magistrati o dai gruppi di magistrati che avevano grande notoriet\u00e0 mediatica&#8230;&#8221;.\u00a0<\/p>\n<p>\u00a0<\/p>\n<p>Per la premier &#8220;in questo catastrofismo si nasconde solo una spasmodica volont\u00e0 di mantenere lo status quo, per difendere le incrostazioni, per difendere i privilegi che in quello status quo si annidano e proliferano a vantaggio di alcuni sulla pelle di tutti gli altri&#8221;. &#8220;Nessuno ha in mente di liberarsi della magistratura&#8221; ha sottolineato la presidente del Consiglio. &#8220;Il fatto che la riforma sia convintamente sostenuta da moltissimi magistrati in servizio, tra cui procuratori della Repubblica e presidenti di sezione di Cassazione, conferma nel modo pi\u00f9 evidente che non \u00e8 contro i magistrati, ma \u00e8 invece per tutti i magistrati e, con loro, per tutti i cittadini&#8221;.\u00a0<\/p>\n<p>I contenuti della riforma sulla giustizia sono &#8220;talmente di buonsenso che le stesse soluzioni sono state ampiamente proposte e sostenute in passato anche da molti di coloro che oggi dicono di essere per il no. Gente che ha cambiato idea non perch\u00e9 sia convinta, come noi, delle proprie tesi e si batta per affermarle, ma perch\u00e9 ha un altro obiettivo che, per\u00f2, non c&#8217;entra niente con la Costituzione, non c\u2019entra niente con la giustizia, non c\u2019entra niente con gli interessi dei cittadini. C&#8217;entra con l\u2019interesse delle correnti e dei partiti che sperano di poter continuare a piegare lo stato della giustizia ai loro interessi di parte&#8221;. \u00a0<\/p>\n<p>&#8220;Ma che non sia una riforma di parte \u00e8 confermato dai molti esponenti &#8211; che voglio ringraziare &#8211; della sinistra che hanno affiancato in questa campagna la loro voce alla nostra a sostegno del s\u00ec&#8221;, ha proseguito la presidente del Consiglio.\u00a0<\/p>\n<p>\u00a0<\/p>\n<p>&#8220;Perch\u00e9 non si dice la verit\u00e0? Perch\u00e9 sarebbe un po\u2019 difficile &#8211; io lo capisco &#8211; da parte di molti sostenitori del no sostenere la verit\u00e0, e cio\u00e8 che loro vogliono controllare la magistratura. Per questo difendono lo status quo con le unghie e con i denti. Perch\u00e9 sanno che noi stiamo facendo una riforma che impedisce alla politica, di qualsiasi estrazione, di controllare la magistratura&#8221;. &#8220;Noi siamo esseri umani e i rapporti umani nella vita contano e ti condizionano. Separando le carriere noi superiamo il problema di quel condizionamento e creiamo un processo pi\u00f9 giusto, con un giudice pi\u00f9 imparziale&#8221;. &#8220;Non restate a guardare, non giratevi dall&#8217;altra parte. Cinque minuti. Una croce sul s\u00ec. E insieme possiamo aprire una pagina nuova per la giustizia italiana e per la nostra nazione. Dimostrare ancora una volta che quando gli italiani decidono di scrivere il proprio futuro non c\u2019\u00e8 niente che li possa fermare&#8221;.\u00a0<\/p>\n<p>\u00a0<\/p>\n<p>&#8220;Quello che noi abbiamo in mente, \u00e8 sistemare quello che non funziona, anche per i magistrati ma soprattutto per i cittadini&#8221; con quello che Meloni ha definito un &#8220;traguardo epocale&#8221; per &#8220;riuscire finalmente a riformare in Italia anche la Giustizia. Grazie a chi, prima di me e in molte occasioni come questa, ha avuto il coraggio di metterci la faccia, il coraggio di salire su questo palco, di raccontare la propria storia, di spiegare perch\u00e9 abbia deciso di condividere con noi questo traguardo&#8221;. Con questa riforma &#8220;togliamo&#8221; alle correnti &#8220;un enorme potere&#8221;, ha rimarcato la leader di Fratelli d&#8217;Italia. &#8220;Io considero che questa sia soprattutto una riforma fatta per il bene di tanti magistrati capaci che nella loro carriera sono stati mortificati perch\u00e9 non si piegavano alla logica delle correnti politicizzate&#8221;. \u00a0<\/p>\n<p>\u00a0<\/p>\n<p>Se la riforma sulla Giustizia &#8220;non passa stavolta, molto probabilmente noi non avremo un\u2019altra occasione. E allora ci ritroveremo correnti ancora pi\u00f9 potenti, magistrati ancora pi\u00f9 negligenti che fanno carriera, decisioni ancora pi\u00f9 surreali sulla pelle dei cittadini, che incideranno sulla vostra vita ogni giorno. Immigrati illegali, stupratori, pedofili, spacciatori rimessi in libert\u00e0 che mettono a repentaglio la vostra sicurezza. Antagonisti che devastano le vostre stazioni senza alcuna conseguenza giudiziaria. Milioni di euro risarciti per ingiusta detenzione o spesi per processi mediatici e inutili che vengono pagati con i proventi delle tasse. Figli che vengono strappati alle madri perch\u00e9 i giudici non condividono il loro stile di vita se vivono in un bosco, quando nessuno dice o fa nulla di fronte alla realt\u00e0 di bambini mandati a rubare o a fare accattonaggio&#8230;&#8221;.\u00a0<\/p>\n<p>\u00a0<\/p>\n<p>&#8220;Io consiglio di non cadere nella trappola di chi dice: non importa il merito, bisogna andare a votare no contro la Meloni. Lo consiglio soprattutto a coloro che mi detestano. Perch\u00e9 intanto non c\u2019\u00e8 alcuna possibilit\u00e0 che io mi dimetta in nessun caso. Io voglio arrivare alla fine della legislatura. Voglio arrivare alla fine della legislatura e voglio farmi giudicare sul complesso del mio lavoro&#8221;.\u00a0<\/p>\n<p>\nLa separazione delle carriere &#8220;\u00e8 gi\u00e0 in vigore in almeno 21 dei 27 Paesi dell\u2019Unione Europea. Ora la domanda banale che io devo farvi \u00e8: ma sono tutti scivolati verso una deriva illiberale oppure siamo noi che siamo rimasti indietro? E come \u00e8 possibile che quelli che ci dicono sempre che non siamo abbastanza europeisti, che non facciamo abbastanza verso l\u2019Europa, oggi siano contrari quando siamo noi che vogliamo avvicinare l\u2019Italia a quello che accade in Europa? Qui non va pi\u00f9 bene&#8221;.\u00a0<\/p>\n<p>\u00a0<\/p>\n<p>Intervento inatteso sul palco del Teatro Parenti di Milano. Mentre la premier al microfono stava salutando e ringraziando le persone presenti in teatro, un uomo \u00e8 salito sul palco e si \u00e8 avvicinato presentandosi come &#8216;Musumeci, Orazio Musumeci&#8217;. Lei, visibilmente sorpresa, ha ricambiato il saluto e lo ha ringraziato, ma lui, non ancora soddisfatto, ha aggiunto: \u201cAspetto le dimissioni di Mattarella\u201d e, poi, gil ha consegnato un libro, intitolato &#8216;Il tredicesimo presidente&#8217;, di cui \u00e8 autore. Quindi \u00e8 sceso dal palco e si \u00e8 allontanato. A quel punto la premier si \u00e8 guardata intorno cercando forse qualche spiegazione, ma nessuno \u00e8 intervenuto e, quindi, con una espressione tra l\u2019interrogativo e lo sconcertato, ha aperto le braccia, si \u00e8 sistemata i capelli e ha iniziato il suo discorso.\u00a0<\/p>\n<p>In seguito l&#8217;uomo \u00e8 stato identificato dalla Digos. \u00a0<\/p>\n<p>\u00a0<\/p>\n<p>&#8212;<\/p>\n<p>politica<\/p>\n<p>webinfo@adnkronos.com (Web Info)<\/p>\n<div style=\"display:flex; gap:10px;justify-content:center\" class=\"wps-pgfw-pdf-generate-icon__wrapper-frontend\">\n\t\t<a  href=\"https:\/\/ciaoup.it?action=genpdf&amp;id=61756\" class=\"pgfw-single-pdf-download-button\" ><img src=\"https:\/\/ciaoup.it\/wp-content\/plugins\/pdf-generator-for-wp\/admin\/src\/images\/PDF_Tray.svg\" title=\"Generate PDF\" style=\"width:auto; height:45px;\"><\/a>\n\t\t<\/div>","protected":false},"excerpt":{"rendered":"<p>(Adnkronos) &#8211; &#8220;Non ci interessa il destino personale di qualcuno, ma quello della Nazione&#8221;. E&#8217;&hellip;<\/p>\n","protected":false},"author":3,"featured_media":61757,"comment_status":"open","ping_status":"closed","sticky":false,"template":"","format":"standard","meta":{"footnotes":""},"categories":[12],"tags":[3],"class_list":["post-61756","post","type-post","status-publish","format-standard","has-post-thumbnail","hentry","category-comunicati","tag-ultimora"],"_links":{"self":[{"href":"https:\/\/ciaoup.it\/index.php?rest_route=\/wp\/v2\/posts\/61756","targetHints":{"allow":["GET"]}}],"collection":[{"href":"https:\/\/ciaoup.it\/index.php?rest_route=\/wp\/v2\/posts"}],"about":[{"href":"https:\/\/ciaoup.it\/index.php?rest_route=\/wp\/v2\/types\/post"}],"author":[{"embeddable":true,"href":"https:\/\/ciaoup.it\/index.php?rest_route=\/wp\/v2\/users\/3"}],"replies":[{"embeddable":true,"href":"https:\/\/ciaoup.it\/index.php?rest_route=%2Fwp%2Fv2%2Fcomments&post=61756"}],"version-history":[{"count":0,"href":"https:\/\/ciaoup.it\/index.php?rest_route=\/wp\/v2\/posts\/61756\/revisions"}],"wp:featuredmedia":[{"embeddable":true,"href":"https:\/\/ciaoup.it\/index.php?rest_route=\/wp\/v2\/media\/61757"}],"wp:attachment":[{"href":"https:\/\/ciaoup.it\/index.php?rest_route=%2Fwp%2Fv2%2Fmedia&parent=61756"}],"wp:term":[{"taxonomy":"category","embeddable":true,"href":"https:\/\/ciaoup.it\/index.php?rest_route=%2Fwp%2Fv2%2Fcategories&post=61756"},{"taxonomy":"post_tag","embeddable":true,"href":"https:\/\/ciaoup.it\/index.php?rest_route=%2Fwp%2Fv2%2Ftags&post=61756"}],"curies":[{"name":"wp","href":"https:\/\/api.w.org\/{rel}","templated":true}]}}