{"id":61743,"date":"2026-03-12T18:39:57","date_gmt":"2026-03-12T18:39:57","guid":{"rendered":"https:\/\/ciaoup.it\/?p=61743"},"modified":"2026-03-12T18:39:57","modified_gmt":"2026-03-12T18:39:57","slug":"cultura-a-gravina-di-puglia-cresce-lattesa-per-proclamazione-a-capitale-italiana-2028","status":"publish","type":"post","link":"https:\/\/ciaoup.it\/?p=61743","title":{"rendered":"Cultura, a Gravina di Puglia cresce l&#8217;attesa per proclamazione a Capitale Italiana 2028"},"content":{"rendered":"<p> (Adnkronos) &#8211; La citt\u00e0 vive un momento straordinario, segnato da una partecipazione popolare senza precedenti e da un clima di attesa che attraversa ogni quartiere e ogni generazione. L\u2019energia nata dal basso si \u00e8 trasformata in un vero movimento culturale, capace di superare rapidamente i confini cittadini e coinvolgere l\u2019intera regione Puglia. Il sostegno si \u00e8 poi esteso al resto del Paese, dove la candidatura di Gravina \u00e8 diventata un caso emblematico di mobilitazione civica e orgoglio territoriale. A rafforzare questa spinta sono intervenuti anche testimonial di grande popolarit\u00e0 come Antonio Stornaiolo e Alessio Giannone, noto come Pinuccio. I loro video di sostegno, diffusi sui social, hanno registrato migliaia di visualizzazioni e condivisioni, contribuendo a portare Gravina al centro della conversazione pubblica nazionale. Con il loro stile ironico e diretto, hanno saputo raccontare la citt\u00e0 con autenticit\u00e0, amplificando il messaggio di una comunit\u00e0 viva, coesa e proiettata verso il futuro.\u00a0<\/p>\n<p>Accanto alla partecipazione dei cittadini, la candidatura sta raccogliendo anche il sostegno del tessuto produttivo locale. Tra le realt\u00e0 che hanno espresso il proprio supporto figurano Andriani, azienda basata in Puglia e punto di riferimento nel settore dell\u2019innovation ed healthy food e Cobar, impresa impegnata da anni nel recupero e nella valorizzazione del patrimonio storico-locale. Il coinvolgimento di queste realt\u00e0 testimonia come il progetto di Gravina Capitale della Cultura sia diventato un percorso condiviso capace di unire comunit\u00e0, istituzioni e sistema imprenditoriale attorno a una visione di sviluppo culturale e territoriale. Gravina, in Puglia, si prepara con crescente entusiasmo alla proclamazione della Capitale Italiana della Cultura 2028, fissata per il 18 marzo presso la Sala Spadolini del Ministero della Cultura, un appuntamento che ha catalizzato l\u2019attenzione dei media nazionali.\u00a0<\/p>\n<p>\u201cQuella di Gravina \u00e8 una candidatura che nasce dalla comunit\u00e0 e che negli ultimi mesi ha saputo trasformarsi in un vero progetto collettivo. Abbiamo visto cittadini, associazioni, istituzioni e realt\u00e0 del territorio partecipare con entusiasmo alla costruzione di una visione culturale condivisa. Questo percorso dimostra come la cultura possa diventare uno strumento concreto di crescita, capace di rafforzare l\u2019identit\u00e0 di un territorio e allo stesso tempo di proiettarlo verso il futuro. Al di l\u00e0 dell\u2019esito finale, Gravina ha gi\u00e0 dimostrato di possedere una straordinaria capacit\u00e0 di partecipazione e di racconto, che rappresenta un patrimonio importante per l\u2019intero Paese\u201d, afferma Ignazio Lovero, consigliere comunale delegato alla progettualit\u00e0 di Gravina Capitale Italiana della Cultura 2028. La citt\u00e0 attende ora con fiducia il verdetto, consapevole di aver gi\u00e0 ottenuto un risultato significativo: unire cittadini, istituzioni e sostenitori di tutta Italia attorno a un progetto culturale condiviso, dimostrando \u2013 qualunque sia l\u2019esito \u2013 di possedere una forza narrativa e partecipativa che rappresenta un modello per l\u2019intero Paese.\u00a0<\/p>\n<p>&#8212;<\/p>\n<p>cultura<\/p>\n<p>webinfo@adnkronos.com (Web Info)<\/p>\n<div style=\"display:flex; gap:10px;justify-content:center\" class=\"wps-pgfw-pdf-generate-icon__wrapper-frontend\">\n\t\t<a  href=\"https:\/\/ciaoup.it?action=genpdf&amp;id=61743\" class=\"pgfw-single-pdf-download-button\" ><img src=\"https:\/\/ciaoup.it\/wp-content\/plugins\/pdf-generator-for-wp\/admin\/src\/images\/PDF_Tray.svg\" title=\"Generate PDF\" style=\"width:auto; height:45px;\"><\/a>\n\t\t<\/div>","protected":false},"excerpt":{"rendered":"<p>(Adnkronos) &#8211; La citt\u00e0 vive un momento straordinario, segnato da una partecipazione popolare senza precedenti&hellip;<\/p>\n","protected":false},"author":3,"featured_media":61744,"comment_status":"open","ping_status":"closed","sticky":false,"template":"","format":"standard","meta":{"footnotes":""},"categories":[12],"tags":[3],"class_list":["post-61743","post","type-post","status-publish","format-standard","has-post-thumbnail","hentry","category-comunicati","tag-ultimora"],"_links":{"self":[{"href":"https:\/\/ciaoup.it\/index.php?rest_route=\/wp\/v2\/posts\/61743","targetHints":{"allow":["GET"]}}],"collection":[{"href":"https:\/\/ciaoup.it\/index.php?rest_route=\/wp\/v2\/posts"}],"about":[{"href":"https:\/\/ciaoup.it\/index.php?rest_route=\/wp\/v2\/types\/post"}],"author":[{"embeddable":true,"href":"https:\/\/ciaoup.it\/index.php?rest_route=\/wp\/v2\/users\/3"}],"replies":[{"embeddable":true,"href":"https:\/\/ciaoup.it\/index.php?rest_route=%2Fwp%2Fv2%2Fcomments&post=61743"}],"version-history":[{"count":1,"href":"https:\/\/ciaoup.it\/index.php?rest_route=\/wp\/v2\/posts\/61743\/revisions"}],"predecessor-version":[{"id":61753,"href":"https:\/\/ciaoup.it\/index.php?rest_route=\/wp\/v2\/posts\/61743\/revisions\/61753"}],"wp:featuredmedia":[{"embeddable":true,"href":"https:\/\/ciaoup.it\/index.php?rest_route=\/wp\/v2\/media\/61744"}],"wp:attachment":[{"href":"https:\/\/ciaoup.it\/index.php?rest_route=%2Fwp%2Fv2%2Fmedia&parent=61743"}],"wp:term":[{"taxonomy":"category","embeddable":true,"href":"https:\/\/ciaoup.it\/index.php?rest_route=%2Fwp%2Fv2%2Fcategories&post=61743"},{"taxonomy":"post_tag","embeddable":true,"href":"https:\/\/ciaoup.it\/index.php?rest_route=%2Fwp%2Fv2%2Ftags&post=61743"}],"curies":[{"name":"wp","href":"https:\/\/api.w.org\/{rel}","templated":true}]}}