{"id":61732,"date":"2026-03-12T18:10:00","date_gmt":"2026-03-12T18:10:00","guid":{"rendered":"https:\/\/ciaoup.it\/?p=61732"},"modified":"2026-03-12T18:10:00","modified_gmt":"2026-03-12T18:10:00","slug":"disturbi-alimentari-pediatri-non-solo-femminili-in-ragazzi-segnali-diversi","status":"publish","type":"post","link":"https:\/\/ciaoup.it\/?p=61732","title":{"rendered":"Disturbi alimentari, pediatri: &#8220;Non solo femminili, in ragazzi segnali diversi&#8221;"},"content":{"rendered":"<p> (Adnkronos) &#8211; I disturbi del comportamento alimentare (Dca) non sono un problema esclusivamente femminile e colpiscono in et\u00e0 sempre pi\u00f9 precoce: circa il 30% dei casi riguarda minori sotto i 14 anni. Se le ragazze rappresentano la maggioranza dei pazienti, negli ultimi anni si \u00e8 registrata una crescente evidenza clinica anche tra i ragazzi, soprattutto nella fascia di et\u00e0 12-17 anni. In occasione della Giornata nazionale del Fiocchetto Lilla, che si celebra il 15 marzo, la Societ\u00e0 italiana di pediatria (Sip) richiama l\u2019attenzione su un aspetto ancora poco riconosciuto: nei ragazzi &#8211; spiegano gli esperti in una nota &#8211; i disturbi alimentari \u201cpossono manifestarsi con caratteristiche diverse rispetto alle ragazze e proprio per questo rischiano di essere intercettati pi\u00f9 tardi, quando il quadro clinico \u00e8 gi\u00e0 pi\u00f9 compromesso. Nell\u2019anoressia nervosa i maschi rappresentano una quota variabile ma non trascurabile dei casi: a seconda delle casistiche, il rapporto maschi-femmine pu\u00f2 variare da circa 1:3 a 1:12\u201d. Nella bulimia nervosa e nei disturbi da alimentazione incontrollata la distanza tra i generi appare meno marcata.\u00a0<\/p>\n<p> \u201cLa minore presenza maschile nelle statistiche potrebbe dipendere anche da anni di mancato riconoscimento\u201d, afferma Elena Inzaghi, responsabile del Gruppo di studio Medicina di genere in pediatria della Sip. \u201cPer molto tempo i criteri diagnostici e l\u2019immaginario collettivo hanno identificato i disturbi alimentari come un problema \u2018da ragazze\u2019: questo &#8211; continua &#8211; ha reso pi\u00f9 difficile riconoscerli nei maschi, dove i sintomi possono essere meno sovrapponibili ai modelli classici e dove spesso c\u2019\u00e8 una minore consapevolezza del problema\u201d.\u00a0<\/p>\n<p>Nei ragazzi il disturbo pu\u00f2 non presentarsi con la tipica paura di ingrassare. Pi\u00f9 frequentemente &#8211; chiariscono i pediatri &#8211; emerge \u201cun\u2019attenzione marcata alla massa muscolare, un ricorso eccessivo all\u2019attivit\u00e0 fisica, l\u2019uso di integratori, una dieta rigidamente controllata per \u2018definire\u2019 il corpo pi\u00f9 che per dimagrire\u201d. \u00a0<\/p>\n<p>\u00a0<\/p>\n<p>Se si cercano solo i segnali tradizionali \u2013 restrizione calorica evidente, timore di prendere peso, condotte compensatorie \u2013 il rischio \u00e8 di non riconoscere il disturbo nei ragazzi. \u00c8 proprio questa diversa presentazione clinica che pu\u00f2 ritardare la diagnosi, con il risultato che i maschi potrebbero arrivare all\u2019osservazione specialistica in condizioni pi\u00f9 gravi e con una prognosi potenzialmente meno favorevole, soprattutto quando l\u2019esordio \u00e8 precoce. \u00a0<\/p>\n<p>\u201cUno studio condotto presso l\u2019ospedale pediatrico Bambino Ges\u00f9 su 501 pazienti pediatrici con anoressia nervosa, recentemente discusso sull\u2019ultimo numero della rivista Sip \u2018Pediatria\u2019 &#8211; illustra Inzaghi &#8211; evidenzia che l\u2019et\u00e0 media di presentazione della malattia \u00e8 risultata significativamente pi\u00f9 giovane nei maschi rispetto alle femmine. Nei maschi, inoltre, al momento del ricovero si osservavano parametri clinici indicativi di una maggiore gravit\u00e0, un dato che potrebbe essere correlato anche a un riconoscimento pi\u00f9 tardivo del disturbo\u201d.\u00a0<\/p>\n<p>Come sottolinea il presidente Sip, Rino Agostiniani: \u201cSe continuiamo a pensare ai disturbi alimentari come a un problema solo femminile rischiamo di non riconoscerli nei ragazzi. \u00c8 fondamentale che pediatri, genitori e insegnanti imparino a intercettare anche segnali meno tipici, come l\u2019ossessione per la massa muscolare o l\u2019eccesso di esercizio fisico\u201d. Una diagnosi precoce resta il fattore pi\u00f9 importante per migliorare l\u2019evoluzione del disturbo, rimarcano gli esperti. Per questo, in occasione della Giornata del Fiocchetto Lilla, la Sip invita a promuovere una maggiore consapevolezza delle differenze di genere nella presentazione dei disturbi alimentari. \u201cL\u2019attenzione alla pediatria di genere &#8211; conclude Agostiniani &#8211; rappresenta oggi uno strumento fondamentale per migliorare la capacit\u00e0 diagnostica e l\u2019appropriatezza delle cure non solo nei disturbi alimentari, ma in molti ambiti della salute dell\u2019infanzia e dell\u2019adolescenza\u201d.\u00a0<\/p>\n<p>&#8212;<\/p>\n<p>salute<\/p>\n<p>webinfo@adnkronos.com (Web Info)<\/p>\n<div style=\"display:flex; gap:10px;justify-content:center\" class=\"wps-pgfw-pdf-generate-icon__wrapper-frontend\">\n\t\t<a  href=\"https:\/\/ciaoup.it?action=genpdf&amp;id=61732\" class=\"pgfw-single-pdf-download-button\" ><img src=\"https:\/\/ciaoup.it\/wp-content\/plugins\/pdf-generator-for-wp\/admin\/src\/images\/PDF_Tray.svg\" title=\"Generate PDF\" style=\"width:auto; height:45px;\"><\/a>\n\t\t<\/div>","protected":false},"excerpt":{"rendered":"<p>(Adnkronos) &#8211; I disturbi del comportamento alimentare (Dca) non sono un problema esclusivamente femminile e&hellip;<\/p>\n","protected":false},"author":3,"featured_media":61733,"comment_status":"open","ping_status":"closed","sticky":false,"template":"","format":"standard","meta":{"footnotes":""},"categories":[12],"tags":[3],"class_list":["post-61732","post","type-post","status-publish","format-standard","has-post-thumbnail","hentry","category-comunicati","tag-ultimora"],"_links":{"self":[{"href":"https:\/\/ciaoup.it\/index.php?rest_route=\/wp\/v2\/posts\/61732","targetHints":{"allow":["GET"]}}],"collection":[{"href":"https:\/\/ciaoup.it\/index.php?rest_route=\/wp\/v2\/posts"}],"about":[{"href":"https:\/\/ciaoup.it\/index.php?rest_route=\/wp\/v2\/types\/post"}],"author":[{"embeddable":true,"href":"https:\/\/ciaoup.it\/index.php?rest_route=\/wp\/v2\/users\/3"}],"replies":[{"embeddable":true,"href":"https:\/\/ciaoup.it\/index.php?rest_route=%2Fwp%2Fv2%2Fcomments&post=61732"}],"version-history":[{"count":1,"href":"https:\/\/ciaoup.it\/index.php?rest_route=\/wp\/v2\/posts\/61732\/revisions"}],"predecessor-version":[{"id":61746,"href":"https:\/\/ciaoup.it\/index.php?rest_route=\/wp\/v2\/posts\/61732\/revisions\/61746"}],"wp:featuredmedia":[{"embeddable":true,"href":"https:\/\/ciaoup.it\/index.php?rest_route=\/wp\/v2\/media\/61733"}],"wp:attachment":[{"href":"https:\/\/ciaoup.it\/index.php?rest_route=%2Fwp%2Fv2%2Fmedia&parent=61732"}],"wp:term":[{"taxonomy":"category","embeddable":true,"href":"https:\/\/ciaoup.it\/index.php?rest_route=%2Fwp%2Fv2%2Fcategories&post=61732"},{"taxonomy":"post_tag","embeddable":true,"href":"https:\/\/ciaoup.it\/index.php?rest_route=%2Fwp%2Fv2%2Ftags&post=61732"}],"curies":[{"name":"wp","href":"https:\/\/api.w.org\/{rel}","templated":true}]}}