{"id":61701,"date":"2026-03-12T17:23:00","date_gmt":"2026-03-12T17:23:00","guid":{"rendered":"https:\/\/ciaoup.it\/?p=61701"},"modified":"2026-03-12T17:23:00","modified_gmt":"2026-03-12T17:23:00","slug":"dalle-notti-insonni-di-sanremo-allufficio-marchi-lamborghini-registra-i-suoi-festini-bilaterali","status":"publish","type":"post","link":"https:\/\/ciaoup.it\/?p=61701","title":{"rendered":"Dalle notti insonni di Sanremo all&#8217;Ufficio marchi: Lamborghini registra i suoi &#8216;festini bilaterali&#8217;"},"content":{"rendered":"<p> (Adnkronos) &#8211; La cantante Elettra Lamborghini ha deciso di trasformare le sue notti insonni al Festival di Sanremo in un\u2019operazione di branding degna di un manuale di marketing pop. Secondo i documenti depositati all\u2019Ufficio italiano brevetti e marchi, infatti, il 3 marzo 2026, tre giorni dopo al fine del festival, Lamborghini ha presentato la domanda di registrazione per il marchio verbale \u201cFestini bilaterali\u201d, destinato a una vasta quantit\u00e0 di prodotti e servizi: dai cosmetici ai capi di abbigliamento, dalla musica digitale ai dispositivi elettronici, fino all\u2019organizzazione di eventi di intrattenimento. \u00a0<\/p>\n<p> L\u2019espressione nasce durante il Festival, quando la cantante &#8211; in gara con il brano &#8220;Voil\u00e0&#8221; &#8211; racconta sui social di non riuscire a dormire a causa delle feste notturne che animano gli hotel della Riviera ligure: nel cuore della notte pubblica video e messaggi in cui si lamenta della musica a tutto volume mentre gli artisti, dopo prove, interviste e serate all\u2019Ariston, tentano disperatamente di riposare. La situazione diventa presto un piccolo caso mediatico e un meme social quando Lamborghini, con la sua consueta ironia, minaccia di scendere \u201cin ciabatte con il megafono\u201d per interrompere quelli che ribattezza appunto \u201cfestini bilaterali\u201d, dando vita a uno dei tormentoni pi\u00f9 improbabili dell\u2019edizione. Nei video pubblicati online la si vede perfino andare in giro per i corridoi a individuare l\u2019origine del frastuono e, a un certo punto, tentare anche la fuga strategica: \u201cStasera vi frego, vado a Montecarlo a dormire\u201d, annuncia ai follower, salvo poi scoprire che neppure il Principato garantisce esattamente il silenzio monastico sperato. Il risultato \u00e8 che la frase che doveva denunciare il caos notturno di Sanremo potrebbe presto diventare un universo commerciale: profumi, podcast, eventi, gadget e &#8211; perch\u00e9 no &#8211; feste ufficialmente autorizzate.<br \/>\n\u00a0<\/p>\n<p>A curare la tutela del marchio \u00e8 lo studio Mondial Marchi, che sul proprio sito ricorda anche un&#8217;altra vicenda che ha visto protagonista la pop star. Lo studio aveva infatti assistito Lamborghini nella battaglia per registrare come marchio il proprio nome, nonostante l&#8217;opposizione di uno dei brand pi\u00f9 famosi al mondo, Automobili Lamborghini. Con una decisione notificata il 16 aprile 2024, la Commissione dei Ricorsi dell&#8217;Ufficio italiano brevetti e marchi ha accolto il ricorso presentato per la cantante, ribaltando la precedente decisione della Divisione di Opposizione che aveva negato la registrazione sulla base della notoriet\u00e0 del marchio automobilistico. La sentenza ha individuato un &#8220;giusto motivo&#8221; nel fatto che il marchio richiesto coincide con il nome di un personaggio famoso ai sensi dell&#8217;articolo 8 del Codice della propriet\u00e0 industriale: Lamborghini \u00e8 infatti il cognome della cantante e, insieme al nome Elettra, \u00e8 diventato noto nel mondo dello spettacolo e del fashion system in modo autonomo rispetto al celebre marchio automobilistico. In sostanza, secondo la decisione, la pop star \u00e8 diventata &#8220;marchio di s\u00e9 stessa&#8221;, acquisendo una notoriet\u00e0 indipendente che le consente di sfruttare commercialmente il proprio nome senza trarre indebito vantaggio dalla fama del brand automobilistico, in linea anche con la giurisprudenza europea sul caso Lionel Messi e la registrazione del marchio Messi. (di Antonio Atte)\u00a0<\/p>\n<p>&#8212;<\/p>\n<p>spettacoli<\/p>\n<p>webinfo@adnkronos.com (Web Info)<\/p>\n<div style=\"display:flex; gap:10px;justify-content:center\" class=\"wps-pgfw-pdf-generate-icon__wrapper-frontend\">\n\t\t<a  href=\"https:\/\/ciaoup.it?action=genpdf&amp;id=61701\" class=\"pgfw-single-pdf-download-button\" ><img src=\"https:\/\/ciaoup.it\/wp-content\/plugins\/pdf-generator-for-wp\/admin\/src\/images\/PDF_Tray.svg\" title=\"Generate PDF\" style=\"width:auto; height:45px;\"><\/a>\n\t\t<\/div>","protected":false},"excerpt":{"rendered":"<p>(Adnkronos) &#8211; La cantante Elettra Lamborghini ha deciso di trasformare le sue notti insonni al&hellip;<\/p>\n","protected":false},"author":3,"featured_media":61702,"comment_status":"open","ping_status":"closed","sticky":false,"template":"","format":"standard","meta":{"footnotes":""},"categories":[12],"tags":[3],"class_list":["post-61701","post","type-post","status-publish","format-standard","has-post-thumbnail","hentry","category-comunicati","tag-ultimora"],"_links":{"self":[{"href":"https:\/\/ciaoup.it\/index.php?rest_route=\/wp\/v2\/posts\/61701","targetHints":{"allow":["GET"]}}],"collection":[{"href":"https:\/\/ciaoup.it\/index.php?rest_route=\/wp\/v2\/posts"}],"about":[{"href":"https:\/\/ciaoup.it\/index.php?rest_route=\/wp\/v2\/types\/post"}],"author":[{"embeddable":true,"href":"https:\/\/ciaoup.it\/index.php?rest_route=\/wp\/v2\/users\/3"}],"replies":[{"embeddable":true,"href":"https:\/\/ciaoup.it\/index.php?rest_route=%2Fwp%2Fv2%2Fcomments&post=61701"}],"version-history":[{"count":1,"href":"https:\/\/ciaoup.it\/index.php?rest_route=\/wp\/v2\/posts\/61701\/revisions"}],"predecessor-version":[{"id":61721,"href":"https:\/\/ciaoup.it\/index.php?rest_route=\/wp\/v2\/posts\/61701\/revisions\/61721"}],"wp:featuredmedia":[{"embeddable":true,"href":"https:\/\/ciaoup.it\/index.php?rest_route=\/wp\/v2\/media\/61702"}],"wp:attachment":[{"href":"https:\/\/ciaoup.it\/index.php?rest_route=%2Fwp%2Fv2%2Fmedia&parent=61701"}],"wp:term":[{"taxonomy":"category","embeddable":true,"href":"https:\/\/ciaoup.it\/index.php?rest_route=%2Fwp%2Fv2%2Fcategories&post=61701"},{"taxonomy":"post_tag","embeddable":true,"href":"https:\/\/ciaoup.it\/index.php?rest_route=%2Fwp%2Fv2%2Ftags&post=61701"}],"curies":[{"name":"wp","href":"https:\/\/api.w.org\/{rel}","templated":true}]}}