{"id":61663,"date":"2026-03-12T16:17:15","date_gmt":"2026-03-12T16:17:15","guid":{"rendered":"https:\/\/ciaoup.it\/?p=61663"},"modified":"2026-03-12T16:17:15","modified_gmt":"2026-03-12T16:17:15","slug":"tram-deragliato-a-milano-focus-su-telefono-autista-scatola-nera-e-protocollo","status":"publish","type":"post","link":"https:\/\/ciaoup.it\/?p=61663","title":{"rendered":"Tram deragliato a Milano: focus su telefono autista, scatola nera e protocollo"},"content":{"rendered":"<p> (Adnkronos) &#8211; \u00c8 dall&#8217;eventuale traffico telefonico del tranviere, dai dati che saranno forniti dalla scatola nera e da presunti errori nel protocollo che potrebbero arrivare nuove risposte sul deragliamento del tram della linea 9 che lo scorso 27 gennaio ha causato due morti e una cinquantina di feriti a Milano. La cosiddetta &#8216;scatola nera&#8217; registra tutto: le frenate, le modalit\u00e0 di guida, i guasti al mezzo, la velocit\u00e0. Qualunque anomalia nel percorso o nel modo di guida del tranviere &#8211; descritto da tutti come &#8220;prudente&#8221; &#8211; verr\u00e0 restituito dagli approfondimenti che la Procura di Milano potrebbe iniziare a breve. \u00a0<\/p>\n<p>Le testimonianze e gli accertamenti per ora hanno consegnato che &#8220;la velocit\u00e0 era sostenuta, nessuno alla guida di un tram avrebbe affrontato una curva in quel modo&#8221;, spiega chi \u00e8 addetto ai lavori. L&#8217;ipotesi del malore, sostenuta dal conducente indagato per disastro ferroviario, omicidio colposo e lesioni colpose, \u00e8 al vaglio degli inquirenti. Dal semaforo verde di piazza della Repubblica all&#8217;incrocio con via Lazzaretto &#8211; luogo del deragliamento &#8211; il tempo di percorrenza \u00e8 di &#8220;almeno un minuto, anche due&#8221;, un tempo in cui il tranviere ha &#8216;saltato&#8217; la fermata di viale Vittorio Veneto, ma ha continuato la guida (seduta) e a impugnare la leva impedendo cos\u00ec al sistema di allarme, noto come &#8216;uomo morto&#8217;, di attivarsi. \u00a0<\/p>\n<p>Se il tranviere si fosse accasciato sulla leva questa, spinta in avanti, avrebbe fatto frenare il tram della linea 9, ma non si pu\u00f2 escludere che il conducente dell&#8217;Atm abbia continuato a stringere la leva a forma di T e quindi impedito al sistema frenante di attivarsi e alla telecamera interna di riprendere e mostrare alla sala operativa quanto stava accadendo in cabina. ll malore che l&#8217;autista riferisce al telefono a un amico a inizio turno non viene riferito alla sala operativa &#8211; violando il protocollo &#8211; e il 60enne potrebbe non aver chiamato chi di dovere neppure dopo il deragliamento. Un comportamento da approfondire, come da approfondire c&#8217;\u00e8 l&#8217;attivit\u00e0 sul cellulare dell&#8217;autista. Durante il servizio chi guida non pu\u00f2 indossare neppure gli auricolari, vietato qualsiasi uso del cellulare in marcia. Un dato su cui si attendono risposte.  \u00a0<\/p>\n<p>Due dipendenti dell&#8217;Atm, l&#8217;azienda di trasporti milanesi, sono stati sentiti in Procura a Milano. Il primo, sentito come testimone dalle pm Elisa Calanducci e Corinna Carrara, \u00e8 l&#8217;uomo che ha ricevuto la telefonata del conducente ora indagato per disastro ferroviario, omicidio colposo e lesioni colpose. A lui l&#8217;autista della linea 9 avrebbe raccontato, all&#8217;inizio del servizio, di essersi fatto male al piede sinistro nel sollevare la carrozzina di un disabile. Un malore che lo avrebbe portato a perdere conoscenza, dopo aver superato la fermata in piazza Repubblica, quindi a saltare la fermata in viale Vittorio Veneto e a non effettuare lo scambio finendo contro un palazzo all&#8217;angolo con via Lazzaretto. Malore che il 60enne tranviere non avrebbe comunicato alla sala operativa violando il protocollo.\u00a0<\/p>\n<p>Il secondo testimone, invece, intervenuto sul luogo del deragliamento ha fornito invece informazioni tecniche sul funzionamento del nuovo Tramlink, ma anche spiegato protocollo e funzionamento della scatola nera su cui, a breve, dovranno iniziare gli approfondimenti.\u00a0<\/p>\n<p>&#8212;<\/p>\n<p>cronaca<\/p>\n<p>webinfo@adnkronos.com (Web Info)<\/p>\n<div style=\"display:flex; gap:10px;justify-content:center\" class=\"wps-pgfw-pdf-generate-icon__wrapper-frontend\">\n\t\t<a  href=\"https:\/\/ciaoup.it?action=genpdf&amp;id=61663\" class=\"pgfw-single-pdf-download-button\" ><img src=\"https:\/\/ciaoup.it\/wp-content\/plugins\/pdf-generator-for-wp\/admin\/src\/images\/PDF_Tray.svg\" title=\"Generate PDF\" style=\"width:auto; height:45px;\"><\/a>\n\t\t<\/div>","protected":false},"excerpt":{"rendered":"<p>(Adnkronos) &#8211; \u00c8 dall&#8217;eventuale traffico telefonico del tranviere, dai dati che saranno forniti dalla scatola&hellip;<\/p>\n","protected":false},"author":3,"featured_media":61664,"comment_status":"open","ping_status":"closed","sticky":false,"template":"","format":"standard","meta":{"footnotes":""},"categories":[12],"tags":[3],"class_list":["post-61663","post","type-post","status-publish","format-standard","has-post-thumbnail","hentry","category-comunicati","tag-ultimora"],"_links":{"self":[{"href":"https:\/\/ciaoup.it\/index.php?rest_route=\/wp\/v2\/posts\/61663","targetHints":{"allow":["GET"]}}],"collection":[{"href":"https:\/\/ciaoup.it\/index.php?rest_route=\/wp\/v2\/posts"}],"about":[{"href":"https:\/\/ciaoup.it\/index.php?rest_route=\/wp\/v2\/types\/post"}],"author":[{"embeddable":true,"href":"https:\/\/ciaoup.it\/index.php?rest_route=\/wp\/v2\/users\/3"}],"replies":[{"embeddable":true,"href":"https:\/\/ciaoup.it\/index.php?rest_route=%2Fwp%2Fv2%2Fcomments&post=61663"}],"version-history":[{"count":1,"href":"https:\/\/ciaoup.it\/index.php?rest_route=\/wp\/v2\/posts\/61663\/revisions"}],"predecessor-version":[{"id":61696,"href":"https:\/\/ciaoup.it\/index.php?rest_route=\/wp\/v2\/posts\/61663\/revisions\/61696"}],"wp:featuredmedia":[{"embeddable":true,"href":"https:\/\/ciaoup.it\/index.php?rest_route=\/wp\/v2\/media\/61664"}],"wp:attachment":[{"href":"https:\/\/ciaoup.it\/index.php?rest_route=%2Fwp%2Fv2%2Fmedia&parent=61663"}],"wp:term":[{"taxonomy":"category","embeddable":true,"href":"https:\/\/ciaoup.it\/index.php?rest_route=%2Fwp%2Fv2%2Fcategories&post=61663"},{"taxonomy":"post_tag","embeddable":true,"href":"https:\/\/ciaoup.it\/index.php?rest_route=%2Fwp%2Fv2%2Ftags&post=61663"}],"curies":[{"name":"wp","href":"https:\/\/api.w.org\/{rel}","templated":true}]}}