{"id":61622,"date":"2026-03-12T15:07:12","date_gmt":"2026-03-12T15:07:12","guid":{"rendered":"https:\/\/ciaoup.it\/?p=61622"},"modified":"2026-03-12T15:07:12","modified_gmt":"2026-03-12T15:07:12","slug":"rizzetto-fdi-puntiamo-a-mercato-del-lavoro-inclusivo","status":"publish","type":"post","link":"https:\/\/ciaoup.it\/?p=61622","title":{"rendered":"Rizzetto (FdI): &#8220;Puntiamo a mercato del lavoro inclusivo&#8221;"},"content":{"rendered":"<p> (Adnkronos) &#8211; \u00a0\u00a0<\/p>\n<p>  \u201cIl nostro obiettivo \u00e8 un mercato del lavoro che sia sempre pi\u00f9 inclusivo e accessibile. L\u2019accessibilit\u00e0 \u00e8 la porta d&#8217;ingresso principale, eppure oggi ci scontriamo con una realt\u00e0 pragmatica: molte aziende, specialmente quelle meno strutturate, faticano ancora a integrare lavoratori con disabilit\u00e0, nonostante gli obblighi di legge\u201d. Lo ha detto oggi a Verona, nell\u2019ambito della manifestazione Fieristica LetExpo, Walter Rizzetto, Presidente della Commissione Lavoro alla Camera dei Deputati, partecipando al panel \u2018Il ruolo di societ\u00e0, mondo del lavoro e terzo settore per costruire una vera inclusione\u2019, moderato da Massimo Giletti.\u00a0<\/p>\n<p>\u00a0\u00a0<\/p>\n<p>I motivi che ostacolano il raggiungimento dell\u2019obiettivo esplicitato dal Deputato sono presto detti: \u201cLa verit\u00e0 \u00e8 che persiste una resistenza culturale nell&#8217;inserire determinati contesti di fragilit\u00e0 all&#8217;interno del tessuto aziendale; tanto \u00e8 vero che alcune realt\u00e0 preferiscono ancora pagare le sanzioni piuttosto che assumere persone con disabilit\u00e0 o altre abilit\u00e0\u201d.\u00a0<\/p>\n<p>\u00a0\u00a0<\/p>\n<p>Come superare lo scoglio? Rizzetto risponde cos\u00ec: \u201cLa normativa recente ha innalzato il numero di assunzioni obbligatorie, ma dobbiamo concentrarci su quanto queste persone possano effettivamente dare: moltissimo &#8211; riflette &#8211; \u00c8 innegabile che siano stati fatti passi importanti, specialmente nell&#8217;accelerazione delle politiche attive. Queste per\u00f2 non devono riguardare solo alcune categorie &#8211; conclude &#8211; ma l&#8217;intera platea dei lavoratori&#8221;.\u00a0<\/p>\n<p>&#8212;<\/p>\n<p>economia<\/p>\n<p>webinfo@adnkronos.com (Web Info)<\/p>\n<div style=\"display:flex; gap:10px;justify-content:center\" class=\"wps-pgfw-pdf-generate-icon__wrapper-frontend\">\n\t\t<a  href=\"https:\/\/ciaoup.it?action=genpdf&amp;id=61622\" class=\"pgfw-single-pdf-download-button\" ><img src=\"https:\/\/ciaoup.it\/wp-content\/plugins\/pdf-generator-for-wp\/admin\/src\/images\/PDF_Tray.svg\" title=\"Generate PDF\" style=\"width:auto; height:45px;\"><\/a>\n\t\t<\/div>","protected":false},"excerpt":{"rendered":"<p>(Adnkronos) &#8211; \u00a0\u00a0 \u201cIl nostro obiettivo \u00e8 un mercato del lavoro che sia sempre pi\u00f9&hellip;<\/p>\n","protected":false},"author":3,"featured_media":61623,"comment_status":"open","ping_status":"closed","sticky":false,"template":"","format":"standard","meta":{"footnotes":""},"categories":[12],"tags":[3],"class_list":["post-61622","post","type-post","status-publish","format-standard","has-post-thumbnail","hentry","category-comunicati","tag-ultimora"],"_links":{"self":[{"href":"https:\/\/ciaoup.it\/index.php?rest_route=\/wp\/v2\/posts\/61622","targetHints":{"allow":["GET"]}}],"collection":[{"href":"https:\/\/ciaoup.it\/index.php?rest_route=\/wp\/v2\/posts"}],"about":[{"href":"https:\/\/ciaoup.it\/index.php?rest_route=\/wp\/v2\/types\/post"}],"author":[{"embeddable":true,"href":"https:\/\/ciaoup.it\/index.php?rest_route=\/wp\/v2\/users\/3"}],"replies":[{"embeddable":true,"href":"https:\/\/ciaoup.it\/index.php?rest_route=%2Fwp%2Fv2%2Fcomments&post=61622"}],"version-history":[{"count":1,"href":"https:\/\/ciaoup.it\/index.php?rest_route=\/wp\/v2\/posts\/61622\/revisions"}],"predecessor-version":[{"id":61651,"href":"https:\/\/ciaoup.it\/index.php?rest_route=\/wp\/v2\/posts\/61622\/revisions\/61651"}],"wp:featuredmedia":[{"embeddable":true,"href":"https:\/\/ciaoup.it\/index.php?rest_route=\/wp\/v2\/media\/61623"}],"wp:attachment":[{"href":"https:\/\/ciaoup.it\/index.php?rest_route=%2Fwp%2Fv2%2Fmedia&parent=61622"}],"wp:term":[{"taxonomy":"category","embeddable":true,"href":"https:\/\/ciaoup.it\/index.php?rest_route=%2Fwp%2Fv2%2Fcategories&post=61622"},{"taxonomy":"post_tag","embeddable":true,"href":"https:\/\/ciaoup.it\/index.php?rest_route=%2Fwp%2Fv2%2Ftags&post=61622"}],"curies":[{"name":"wp","href":"https:\/\/api.w.org\/{rel}","templated":true}]}}