{"id":61614,"date":"2026-03-12T15:31:48","date_gmt":"2026-03-12T15:31:48","guid":{"rendered":"https:\/\/ciaoup.it\/?p=61614"},"modified":"2026-03-12T15:31:48","modified_gmt":"2026-03-12T15:31:48","slug":"insonnia-e-disturbi-del-sonno-in-parlamento-nasce-gruppo-di-lavoro-dedicato","status":"publish","type":"post","link":"https:\/\/ciaoup.it\/?p=61614","title":{"rendered":"Insonnia e disturbi del sonno, in Parlamento nasce gruppo di lavoro dedicato"},"content":{"rendered":"<p> (Adnkronos) &#8211; Mettere in evidenza la rilevanza i disturbi del sonno come l\u2019insonnia cronica, una condizione ancora sottovalutata, ma che ha un impatto significativo sulla qualit\u00e0 della vita, sulla salute e sui costi sociali diretti e indiretti. \u00c8 l&#8217;obiettivo del Gruppo di lavoro su insonnia e altri disturbi del sonno, all&#8217;interno dell&#8217;Intergruppo Parlamentare per le Neuroscienze e l&#8217;Alzheimer, promosso dalla deputata Annarita Patriarca e dalla senatrice Beatrice Lorenzin, e presentato oggi a Roma.\u00a0<\/p>\n<p>L&#8217;insonnia &#8211; informa una nota &#8211; \u00e8 una patologia diffusa che colpisce circa 13,4 milioni di italiani, soprattutto donne (60-70% dei casi), con una maggiore incidenza tra i 45 e i 65 anni, e che comporta gravi ripercussioni sulla salute pubblica e sull&#8217;economia nazionale. I costi stimati, infatti, sono circa 14 miliardi di euro l&#8217;anno, pari allo 0,74% del Pil, suddiviso tra costi diretti, che riguardano ricoveri, visite mediche, farmaci e costi indiretti, tra cui assenteismo, incidenti stradali e domestici. Chi soffre di insonnia cronica lamenta una scarsa qualit\u00e0 e quantit\u00e0 del sonno che interessa almeno 3 notti alla settimana per un periodo di tre mesi consecutivi: i sintomi notturni, tra cui difficolt\u00e0 ad addormentarsi o a mantenere il sonno prolungato, hanno delle ripercussioni sul benessere psico-fisico durante il giorno, perch\u00e9 generano stanchezza, scarsa concentrazione, irritabilit\u00e0. Questi naturalmente incidono sulla partecipazione attiva al mondo del lavoro, e sono un costo nascosto per il welfare collettivo. Inoltre, \u00e8 una condizione che comporta un impatto sulla salute mentale e fisica di chi ne soffre, che non riguarda solo la notte e il sonno: infatti, oltre il 60% dei pazienti italiani con disturbi del sonno dichiara di subire un impatto negativo significativo sul benessere psicologico e il 43% dei pazienti riporta una compromissione della vita sociale.\u00a0<\/p>\n<p>\u201cAlla luce delle importanti ripercussioni che i disturbi cronici del sonno hanno sulla qualit\u00e0 di vita dei pazienti e sul sistema sociale, economico e sanitario del Paese, risulta fondamentale che gli esponenti istituzionali riconoscano per primi l\u2019insonnia cronica come una patologia a s\u00e9 stante e che l\u2019agenda politica riservi uno spazio di confronto adeguato\u201d. Ha dichiarato l\u2019onorevole Annarita Patriarca, segretario presidenza della Camera dei deputati e membro XII Commissione \u2013 Camera. \u201cQuello di questi pazienti \u00e8 un quadro clinico complesso, che richiede risposte puntuali &#8211; aggiunge &#8211; \u00c8 necessario che si mettano a terra azioni concrete per l\u2019attivazione di percorsi di assistenza personalizzati e continuativi, per la presa in carico consapevole e multidisciplinare, prevedendo sia un accesso pi\u00f9 efficiente e appropriato ai trattamenti sia un riconoscimento giuridico a livello nazionale e regionale, affinch\u00e9 la richiesta di assistenza venga accolta e gestita in modo efficace\u201d. (Video)\u00a0<\/p>\n<p>\u00a0<\/p>\n<p>Il nuovo Gruppo di Lavoro su insonnia e altri disturbi del sonno, \u201csvolge un ruolo centrale nel riconoscere formalmente questa patologia &#8211; chiarisce Patriarca &#8211; nel promuovere politiche di prevenzione, riconoscimento e gestione precoce, affinch\u00e9 diventi una priorit\u00e0 di salute pubblica. In molti Paesi europei, l\u2019insonnia viene riconosciuta come una patologia indipendente, il cui trattamento viene rimborsato. Anche per queste ragioni, affinch\u00e9 l\u2019Italia non rimanga indietro, \u00e8 necessario lavorare per formulare una proposta di Legge per il riconoscimento dell\u2019insonnia cronica\u201d.\u00a0<\/p>\n<p>Il nuovo Gruppo di Lavoro &#8211; dettaglia la nota &#8211; sta lavorando concretamente &#8211; grazie all\u2019importante contributo del comitato scientifico &#8211; alla realizzazione un Policy Paper sull\u2019insonnia cronica per promuovere una maggiore consapevolezza a livello istituzionale della patologia e dell\u2019importante burden che ha per la collettivit\u00e0. Il documento getter\u00e0 delle solide basi affinch\u00e9 questa priorit\u00e0 si concretizzi in misure preventive e di presa in carico efficaci dei pazienti e verr\u00e0 presentato il prossimo 14 aprile al Centro Studi Americani in un evento dedicato. Il supporto del comitato scientifico \u00e8 fondamentale perch\u00e9 d\u00e0 solidit\u00e0 scientifica alla richiesta che l\u2019insonnia cronica diventi una priorit\u00e0 dell\u2019agenda sanitaria del Paese e che sia formulata una proposta di Legge in merito. \u00a0<\/p>\n<p>\u201cIl tema del sonno riguarda direttamente la qualit\u00e0 delle nostre politiche pubbliche\u201d, ha sottolineato la senatrice Beatrice Lorenzin, Membro 5\u00aa Commissione \u2013 Senato. \u201cNon \u00e8 solo una questione sanitaria, ma un fattore strategico che incide sull\u2019efficienza dei servizi, sulla tenuta del sistema produttivo e, soprattutto, sulla sicurezza delle persone. Quando parliamo di carenza di sonno, parliamo di un elemento che contribuisce a incidenti stradali, errori professionali, tutti costi sociali che certamente il nostro Paese non pu\u00f2 permettersi di ignorare. La ricerca &#8211; chiarisce &#8211; ha confermato e riconosciuto come la qualit\u00e0 del sonno e, a fianco ad esso, la qualit\u00e0 della veglia, contribuiscano al mantenimento del benessere fisico, cognitivo e mentale. Le ipersonnie, la sindrome delle apnee in sonno, e infine l\u2019insonnia cronica vanno riconosciute perch\u00e9 rappresentano patologie oggi trattabili con potenziale abbattimento delle gravi comorbilit\u00e0 cui spesso si associano, enormi risparmi per la sanit\u00e0 e immediato beneficio per la qualit\u00e0 della vita. Nel nostro Paese &#8211; conclude &#8211; sono stati compiuti passi importanti, ma \u00e8 giunto il momento di dare un riconoscimento giuridico a queste patologie\u201d.\u00a0<\/p>\n<p>&#8212;<\/p>\n<p>cronaca<\/p>\n<p>webinfo@adnkronos.com (Web Info)<\/p>\n<div style=\"display:flex; gap:10px;justify-content:center\" class=\"wps-pgfw-pdf-generate-icon__wrapper-frontend\">\n\t\t<a  href=\"https:\/\/ciaoup.it?action=genpdf&amp;id=61614\" class=\"pgfw-single-pdf-download-button\" ><img src=\"https:\/\/ciaoup.it\/wp-content\/plugins\/pdf-generator-for-wp\/admin\/src\/images\/PDF_Tray.svg\" title=\"Generate PDF\" style=\"width:auto; height:45px;\"><\/a>\n\t\t<\/div>","protected":false},"excerpt":{"rendered":"<p>(Adnkronos) &#8211; Mettere in evidenza la rilevanza i disturbi del sonno come l\u2019insonnia cronica, una&hellip;<\/p>\n","protected":false},"author":3,"featured_media":61615,"comment_status":"open","ping_status":"closed","sticky":false,"template":"","format":"standard","meta":{"footnotes":""},"categories":[12],"tags":[3],"class_list":["post-61614","post","type-post","status-publish","format-standard","has-post-thumbnail","hentry","category-comunicati","tag-ultimora"],"_links":{"self":[{"href":"https:\/\/ciaoup.it\/index.php?rest_route=\/wp\/v2\/posts\/61614","targetHints":{"allow":["GET"]}}],"collection":[{"href":"https:\/\/ciaoup.it\/index.php?rest_route=\/wp\/v2\/posts"}],"about":[{"href":"https:\/\/ciaoup.it\/index.php?rest_route=\/wp\/v2\/types\/post"}],"author":[{"embeddable":true,"href":"https:\/\/ciaoup.it\/index.php?rest_route=\/wp\/v2\/users\/3"}],"replies":[{"embeddable":true,"href":"https:\/\/ciaoup.it\/index.php?rest_route=%2Fwp%2Fv2%2Fcomments&post=61614"}],"version-history":[{"count":1,"href":"https:\/\/ciaoup.it\/index.php?rest_route=\/wp\/v2\/posts\/61614\/revisions"}],"predecessor-version":[{"id":61655,"href":"https:\/\/ciaoup.it\/index.php?rest_route=\/wp\/v2\/posts\/61614\/revisions\/61655"}],"wp:featuredmedia":[{"embeddable":true,"href":"https:\/\/ciaoup.it\/index.php?rest_route=\/wp\/v2\/media\/61615"}],"wp:attachment":[{"href":"https:\/\/ciaoup.it\/index.php?rest_route=%2Fwp%2Fv2%2Fmedia&parent=61614"}],"wp:term":[{"taxonomy":"category","embeddable":true,"href":"https:\/\/ciaoup.it\/index.php?rest_route=%2Fwp%2Fv2%2Fcategories&post=61614"},{"taxonomy":"post_tag","embeddable":true,"href":"https:\/\/ciaoup.it\/index.php?rest_route=%2Fwp%2Fv2%2Ftags&post=61614"}],"curies":[{"name":"wp","href":"https:\/\/api.w.org\/{rel}","templated":true}]}}