{"id":61600,"date":"2026-03-12T14:41:55","date_gmt":"2026-03-12T14:41:55","guid":{"rendered":"https:\/\/ciaoup.it\/?p=61600"},"modified":"2026-03-12T14:41:55","modified_gmt":"2026-03-12T14:41:55","slug":"minori-save-the-children-il-134-dei-ragazzi-ha-assistito-a-scene-di-violenza-che-venivano-filmate","status":"publish","type":"post","link":"https:\/\/ciaoup.it\/?p=61600","title":{"rendered":"Minori, Save the Children: &#8220;Il 13,4% dei ragazzi ha assistito a scene di violenza che venivano filmate&#8221;"},"content":{"rendered":"<p> (Adnkronos) &#8211; I social sono ambienti tipici di espressione dell\u2019adolescenza e, quando questa espressione \u00e8 violenta, diventano anche luogo dove la violenza viene messa in scena, \u201ccertificata\u201d e amplificata: molti episodi vengono filmati e condivisi perch\u00e9 il bisogno di apparire prevale anche sul rischio di essere scoperti. Il 13,4% di ragazzi tra i 15 e i 19 anni ha assistito a scene di violenza che venivano filmate, a fronte di un 8,4% delle ragazze. In alcuni casi, anche se pi\u00f9 ridotti, i ragazzi dichiarano di avere filmato loro stessi scene di violenza con il proprio cellulare, il 4,5% dei maschi e il 2% delle femmine \u201cAlmeno fare paura significa essere visti\u201d, dice un ragazzo. La violenza diventa cos\u00ec una performance identitaria in cui il bisogno di visibilit\u00e0 e l\u2019esaltazione delle azioni rappresentano elementi necessari. E&#8217; quanto si legge nel rapporto &#8216;Dis(armati). Un\u2019indagine sulla diffusione della violenza giovanile, tra percezione e realt\u00e0&#8217;, realizzata dal Polo Ricerca di Save the Children con il sostegno di Fondazione Iris Ceramica Group Ets e diffuso oggi\u00a0<\/p>\n<p>In questo scenario, la musica svolge un ruolo significativo: trap, rap e, in alcuni contesti, il neomelodico sono linguaggi con cui esprimere rabbia, marginalit\u00e0 e desiderio di riscatto. Per molti adolescenti, la musica \u00e8 un modo per essere ascoltati in un mondo adulto che probabilmente li considera gi\u00e0 irrecuperabili.\u00a0<\/p>\n<p>Nei primi sei mesi del 2025 i minori denunciati o arrestati per associazione mafiosa sono 46, a segnalare un aumento rispetto al 2024, quando sono stati 49. Dei 46, quasi la met\u00e0 si registrano a Catania e a Napoli. Ad allarmare anche l\u2019aumento, in alcuni territori, dei minori denunciati o arrestati per omicidio (passati da 102 nel 2014 a 193 nel 2024), con un\u2019incidenza maggiore in Campania (0,15 ogni mille abitanti tra i 14 e i 17 anni) e con 27 minorenni segnalati a Napoli nel primo semestre 2025 (erano stati 28 in tutto il 2024). E&#8217; quanto emerge dal rapporto &#8216;Dis(armati). Un\u2019indagine sulla diffusione della violenza giovanile, tra percezione e realt\u00e0&#8217;, realizzata dal Polo Ricerca di Save the Children con il sostegno di Fondazione Iris Ceramica Group Ets e diffuso oggi. \u00a0<\/p>\n<p>&#8220;L\u2019affiliazione criminale nasce spesso dalla povert\u00e0 educativa: nei vuoti di opportunit\u00e0, l\u2019illegalit\u00e0 offre ai ragazzi fragili appartenenza e protezione &#8211; si legge nel rapporto &#8211; Senza alternative, spesso costretti a scelte obbligate che si intersecano con le attivit\u00e0 criminali della famiglia e da contesti relazionali e sociali complessi, in territori privi di opportunit\u00e0 e servizi, attratti da logiche di potere, denaro e riconoscimento sociale, i minorenni entrano precocemente in contatto con le armi per affermarsi all\u2019interno del gruppo o del quartiere. Ma occupandosi esclusivamente dell\u2019arma o del reato, invece che del minore, si corre il rischio di consegnarli alla cultura criminale. Per i ragazzi coinvolti in contesti di criminalit\u00e0 organizzata, la difficolt\u00e0 a interrompere la condotta delinquenziale e, quindi, la probabilit\u00e0 di commettere pi\u00f9 di un reato \u00e8 di 3,48 volte superiore rispetto ai coetanei che non sono coinvolti in questi contesti&#8221;.\u00a0<\/p>\n<p>&#8212;<\/p>\n<p>cronaca<\/p>\n<p>webinfo@adnkronos.com (Web Info)<\/p>\n<div style=\"display:flex; gap:10px;justify-content:center\" class=\"wps-pgfw-pdf-generate-icon__wrapper-frontend\">\n\t\t<a  href=\"https:\/\/ciaoup.it?action=genpdf&amp;id=61600\" class=\"pgfw-single-pdf-download-button\" ><img src=\"https:\/\/ciaoup.it\/wp-content\/plugins\/pdf-generator-for-wp\/admin\/src\/images\/PDF_Tray.svg\" title=\"Generate PDF\" style=\"width:auto; height:45px;\"><\/a>\n\t\t<\/div>","protected":false},"excerpt":{"rendered":"<p>(Adnkronos) &#8211; I social sono ambienti tipici di espressione dell\u2019adolescenza e, quando questa espressione \u00e8&hellip;<\/p>\n","protected":false},"author":3,"featured_media":61601,"comment_status":"open","ping_status":"closed","sticky":false,"template":"","format":"standard","meta":{"footnotes":""},"categories":[12],"tags":[3],"class_list":["post-61600","post","type-post","status-publish","format-standard","has-post-thumbnail","hentry","category-comunicati","tag-ultimora"],"_links":{"self":[{"href":"https:\/\/ciaoup.it\/index.php?rest_route=\/wp\/v2\/posts\/61600","targetHints":{"allow":["GET"]}}],"collection":[{"href":"https:\/\/ciaoup.it\/index.php?rest_route=\/wp\/v2\/posts"}],"about":[{"href":"https:\/\/ciaoup.it\/index.php?rest_route=\/wp\/v2\/types\/post"}],"author":[{"embeddable":true,"href":"https:\/\/ciaoup.it\/index.php?rest_route=\/wp\/v2\/users\/3"}],"replies":[{"embeddable":true,"href":"https:\/\/ciaoup.it\/index.php?rest_route=%2Fwp%2Fv2%2Fcomments&post=61600"}],"version-history":[{"count":1,"href":"https:\/\/ciaoup.it\/index.php?rest_route=\/wp\/v2\/posts\/61600\/revisions"}],"predecessor-version":[{"id":61628,"href":"https:\/\/ciaoup.it\/index.php?rest_route=\/wp\/v2\/posts\/61600\/revisions\/61628"}],"wp:featuredmedia":[{"embeddable":true,"href":"https:\/\/ciaoup.it\/index.php?rest_route=\/wp\/v2\/media\/61601"}],"wp:attachment":[{"href":"https:\/\/ciaoup.it\/index.php?rest_route=%2Fwp%2Fv2%2Fmedia&parent=61600"}],"wp:term":[{"taxonomy":"category","embeddable":true,"href":"https:\/\/ciaoup.it\/index.php?rest_route=%2Fwp%2Fv2%2Fcategories&post=61600"},{"taxonomy":"post_tag","embeddable":true,"href":"https:\/\/ciaoup.it\/index.php?rest_route=%2Fwp%2Fv2%2Ftags&post=61600"}],"curies":[{"name":"wp","href":"https:\/\/api.w.org\/{rel}","templated":true}]}}