{"id":61583,"date":"2026-03-12T14:10:00","date_gmt":"2026-03-12T14:10:00","guid":{"rendered":"https:\/\/ciaoup.it\/?p=61583"},"modified":"2026-03-12T14:10:00","modified_gmt":"2026-03-12T14:10:00","slug":"universita-nucci-tor-vergata-vista-studenti-sotto-controllo-con-campus-visivo","status":"publish","type":"post","link":"https:\/\/ciaoup.it\/?p=61583","title":{"rendered":"Universit\u00e0, Nucci (Tor Vergata): &#8220;Vista studenti sotto controllo con Campus visivo&#8221;"},"content":{"rendered":"<p> (Adnkronos) &#8211; &#8220;Riteniamo che la possibilit\u00e0 di verificare lo stato visivo degli studenti e di fornire loro il presidio oculistico e gli occhiali per la correzione possa essere fondamentale per migliorare la loro qualit\u00e0 della vita all\u2019interno dell\u2019Ateneo e far vivere l\u2019esperienza di studio in tranquillit\u00e0, senza ansie e preoccupazioni legate al tema della vista&#8221;. Cos\u00ec Carlo Nucci, prorettore vicario, professore di malattie dell\u2019Apparato visivo e direttore della Scuola di specializzazione in Oftalmologia dell\u2019universit\u00e0 degli Studi di Roma Tor Vergata, presente a Roma presso gli spazi dell&#8217;ateneo dove \u00e8 stata allestita la clinica oculistica temporanea di &#8216;Campus visivo&#8217;. L&#8217;attivit\u00e0 clinica, coordinata dal professore e supportata dallo staff del dipartimento di Oftalmologia del Policlinico universitario Tor Vergata, permetter\u00e0 di effettuare circa 50 visite al giorno, con l&#8217;obiettivo di raggiungere mille studenti entro la fine del mese.\u00a0<\/p>\n<p>Si tratta di un presidio importante per gli studenti che, in questa specifica fascia d\u2019et\u00e0, sono esposti a \u201cun rischio significativo di sviluppare difetti della vista, in particolare la miopia &#8211; sottolinea Nucci &#8211; C\u2019\u00e8 inoltre un rischio concreto che, nel corso degli anni di studi universitari, questi difetti possano peggiorare o aggravarsi\u201d. Per il professore, &#8220;avere la possibilit\u00e0 di usufruire di un\u2019adeguata correzione e di ricevere informazioni su quelli che possono essere i fattori di rischio di un\u2019eventuale ulteriore progressione dei difetti visivi o di altre patologie correlate &#8211; osserva &#8211; pu\u00f2 essere di estremo supporto per lo studente, non solo in questa fase di studio ma anche come prevenzione per gli anni successivi&#8221;.\u00a0<\/p>\n<p>Verificare lo stato visivo degli studenti e di fornire loro il presidio oculistico di \u2018Campus visivo\u2019 costituisce un valido supporto per i giovani che, altrimenti, a causa dei difetti visivi (in particolare la miopia), vivrebbero poco serenamente l\u2019esperienza di studio. Ci\u00f2 eviter\u00e0 di &#8220;compromettere la loro capacit\u00e0 di impegnarsi e di svolgere specifiche attivit\u00e0, come l\u2019analisi al microscopio o il lavoro con grafici e tabelle&#8221;, conclude il professore.\u00a0<\/p>\n<p>&#8212;<\/p>\n<p>salute<\/p>\n<p>webinfo@adnkronos.com (Web Info)<\/p>\n<div style=\"display:flex; gap:10px;justify-content:center\" class=\"wps-pgfw-pdf-generate-icon__wrapper-frontend\">\n\t\t<a  href=\"https:\/\/ciaoup.it?action=genpdf&amp;id=61583\" class=\"pgfw-single-pdf-download-button\" ><img src=\"https:\/\/ciaoup.it\/wp-content\/plugins\/pdf-generator-for-wp\/admin\/src\/images\/PDF_Tray.svg\" title=\"Generate PDF\" style=\"width:auto; height:45px;\"><\/a>\n\t\t<\/div>","protected":false},"excerpt":{"rendered":"<p>(Adnkronos) &#8211; &#8220;Riteniamo che la possibilit\u00e0 di verificare lo stato visivo degli studenti e di&hellip;<\/p>\n","protected":false},"author":3,"featured_media":61584,"comment_status":"open","ping_status":"closed","sticky":false,"template":"","format":"standard","meta":{"footnotes":""},"categories":[12],"tags":[3],"class_list":["post-61583","post","type-post","status-publish","format-standard","has-post-thumbnail","hentry","category-comunicati","tag-ultimora"],"_links":{"self":[{"href":"https:\/\/ciaoup.it\/index.php?rest_route=\/wp\/v2\/posts\/61583","targetHints":{"allow":["GET"]}}],"collection":[{"href":"https:\/\/ciaoup.it\/index.php?rest_route=\/wp\/v2\/posts"}],"about":[{"href":"https:\/\/ciaoup.it\/index.php?rest_route=\/wp\/v2\/types\/post"}],"author":[{"embeddable":true,"href":"https:\/\/ciaoup.it\/index.php?rest_route=\/wp\/v2\/users\/3"}],"replies":[{"embeddable":true,"href":"https:\/\/ciaoup.it\/index.php?rest_route=%2Fwp%2Fv2%2Fcomments&post=61583"}],"version-history":[{"count":1,"href":"https:\/\/ciaoup.it\/index.php?rest_route=\/wp\/v2\/posts\/61583\/revisions"}],"predecessor-version":[{"id":61602,"href":"https:\/\/ciaoup.it\/index.php?rest_route=\/wp\/v2\/posts\/61583\/revisions\/61602"}],"wp:featuredmedia":[{"embeddable":true,"href":"https:\/\/ciaoup.it\/index.php?rest_route=\/wp\/v2\/media\/61584"}],"wp:attachment":[{"href":"https:\/\/ciaoup.it\/index.php?rest_route=%2Fwp%2Fv2%2Fmedia&parent=61583"}],"wp:term":[{"taxonomy":"category","embeddable":true,"href":"https:\/\/ciaoup.it\/index.php?rest_route=%2Fwp%2Fv2%2Fcategories&post=61583"},{"taxonomy":"post_tag","embeddable":true,"href":"https:\/\/ciaoup.it\/index.php?rest_route=%2Fwp%2Fv2%2Ftags&post=61583"}],"curies":[{"name":"wp","href":"https:\/\/api.w.org\/{rel}","templated":true}]}}