{"id":61551,"date":"2026-03-12T13:10:41","date_gmt":"2026-03-12T13:10:41","guid":{"rendered":"https:\/\/ciaoup.it\/?p=61551"},"modified":"2026-03-12T13:10:41","modified_gmt":"2026-03-12T13:10:41","slug":"violenza-sulle-donne-unimarconi-e-fond-doppiadifesa-presentano-protocollo-ricomincio-da-me","status":"publish","type":"post","link":"https:\/\/ciaoup.it\/?p=61551","title":{"rendered":"Violenza sulle donne, UniMarconi e Fond. DoppiaDifesa presentano protocollo &#8216;ricomincio da me&#8217;"},"content":{"rendered":"<p> (Adnkronos) &#8211; Promuovere prevenzione, tutela delle vittime e percorsi concreti di autonomia attraverso la formazione universitaria. \u00c8 questo l\u2019obiettivo del protocollo di intesa &#8220;Ricomincio da me&#8221;, presentato all\u2019Universit\u00e0 degli Studi Guglielmo Marconi nel corso dell\u2019incontro &#8220;Violenza di genere, tutela delle vittime, prevenzione e percorsi di sostegno&#8221;, organizzato in collaborazione con la Fondazione Doppia Difesa Onlus nell\u2019ambito delle iniziative dedicate alla Giornata Internazionale della Donna. Il progetto prevede l\u2019assegnazione di borse di studio per corsi di laurea e master destinate a donne seguite dalla Fondazione Doppia Difesa nei percorsi di assistenza legale e psicologica, con l\u2019obiettivo di favorire indipendenza economica, inclusione sociale e ricostruzione del proprio percorso di vita.\u00a0<\/p>\n<p>Ad aprire l\u2019incontro sono stati i saluti istituzionali di Marco Belli, Direttore Generale Vicario di UniMarconi, che ha sottolineato il valore dell\u2019iniziativa nel favorire percorsi concreti di ripartenza per le donne vittime di violenza attraverso l\u2019accesso allo studio e alla formazione. Il confronto, moderato dal giornalista Massimo Martinelli, ha messo al centro il fenomeno della violenza di genere e le azioni necessarie per contrastarlo. Nel suo intervento l\u2019avvocato Cristina Natale della Fondazione Doppia Difesa ha evidenziato il lavoro quotidiano dell\u2019ente nell\u2019assistenza legale e psicologica alle vittime e nelle attivit\u00e0 di sensibilizzazione. La violenza, \u00e8 stato ricordato, non \u00e8 solo fisica ma pu\u00f2 essere psicologica ed economica, e spesso si consuma all\u2019interno delle mura domestiche. Un fenomeno che negli ultimi anni coinvolge sempre pi\u00f9 spesso anche giovanissime e studentesse, rendendo fondamentale il ruolo della prevenzione e dell\u2019informazione nei contesti educativi.\u00a0<\/p>\n<p>Il momento pi\u00f9 intenso dell\u2019incontro \u00e8 stato la testimonianza della signora Assunta Maiorano, oggi iscritta al corso di laurea in Ingegneria proprio grazie a una borsa di studio del progetto. &#8220;Ricomincio da me &#8211; ha spiegato \u00e8 un esempio concreto di come il sostegno possa trasformarsi in una reale opportunit\u00e0 di futuro&#8221;. Nel corso dell\u2019incontro sono intervenuti anche Francesco Urraro, Vice Presidente del Consiglio di Presidenza della Giustizia Tributaria, la psicologa Grazia Stocchino della Fondazione Doppia Difesa e Maria Perna, pubblico ministero, che hanno approfondito i temi della prevenzione, degli strumenti di tutela delle vittime e della dimensione culturale della violenza di genere. \u00c8 stato inoltre ricordato come la violenza domestica coinvolga spesso anche i minori che assistono agli episodi di abuso, con conseguenze profonde e durature, rendendo ancora pi\u00f9 urgente il lavoro di prevenzione e sensibilizzazione. A chiudere l\u2019incontro la donazione dell\u2019opera &#8220;Loud&#8221;, realizzata dall\u2019interior designer e artista Giorgiana Velluti, una sedia simbolica dedicata alla memoria delle vittime di violenza. Con il progetto &#8220;Ricomincio da me&#8221;, UniMarconi e Fondazione Doppia Difesa ribadiscono il ruolo della formazione come strumento di rinascita e autonomia, capace di trasformare il sostegno alle vittime in opportunit\u00e0 concrete di futuro.\u00a0<\/p>\n<p>&#8212;<\/p>\n<p>cronaca<\/p>\n<p>webinfo@adnkronos.com (Web Info)<\/p>\n<div style=\"display:flex; gap:10px;justify-content:center\" class=\"wps-pgfw-pdf-generate-icon__wrapper-frontend\">\n\t\t<a  href=\"https:\/\/ciaoup.it?action=genpdf&amp;id=61551\" class=\"pgfw-single-pdf-download-button\" ><img src=\"https:\/\/ciaoup.it\/wp-content\/plugins\/pdf-generator-for-wp\/admin\/src\/images\/PDF_Tray.svg\" title=\"Generate PDF\" style=\"width:auto; height:45px;\"><\/a>\n\t\t<\/div>","protected":false},"excerpt":{"rendered":"<p>(Adnkronos) &#8211; Promuovere prevenzione, tutela delle vittime e percorsi concreti di autonomia attraverso la formazione&hellip;<\/p>\n","protected":false},"author":3,"featured_media":61552,"comment_status":"open","ping_status":"closed","sticky":false,"template":"","format":"standard","meta":{"footnotes":""},"categories":[12],"tags":[3],"class_list":["post-61551","post","type-post","status-publish","format-standard","has-post-thumbnail","hentry","category-comunicati","tag-ultimora"],"_links":{"self":[{"href":"https:\/\/ciaoup.it\/index.php?rest_route=\/wp\/v2\/posts\/61551","targetHints":{"allow":["GET"]}}],"collection":[{"href":"https:\/\/ciaoup.it\/index.php?rest_route=\/wp\/v2\/posts"}],"about":[{"href":"https:\/\/ciaoup.it\/index.php?rest_route=\/wp\/v2\/types\/post"}],"author":[{"embeddable":true,"href":"https:\/\/ciaoup.it\/index.php?rest_route=\/wp\/v2\/users\/3"}],"replies":[{"embeddable":true,"href":"https:\/\/ciaoup.it\/index.php?rest_route=%2Fwp%2Fv2%2Fcomments&post=61551"}],"version-history":[{"count":1,"href":"https:\/\/ciaoup.it\/index.php?rest_route=\/wp\/v2\/posts\/61551\/revisions"}],"predecessor-version":[{"id":61567,"href":"https:\/\/ciaoup.it\/index.php?rest_route=\/wp\/v2\/posts\/61551\/revisions\/61567"}],"wp:featuredmedia":[{"embeddable":true,"href":"https:\/\/ciaoup.it\/index.php?rest_route=\/wp\/v2\/media\/61552"}],"wp:attachment":[{"href":"https:\/\/ciaoup.it\/index.php?rest_route=%2Fwp%2Fv2%2Fmedia&parent=61551"}],"wp:term":[{"taxonomy":"category","embeddable":true,"href":"https:\/\/ciaoup.it\/index.php?rest_route=%2Fwp%2Fv2%2Fcategories&post=61551"},{"taxonomy":"post_tag","embeddable":true,"href":"https:\/\/ciaoup.it\/index.php?rest_route=%2Fwp%2Fv2%2Ftags&post=61551"}],"curies":[{"name":"wp","href":"https:\/\/api.w.org\/{rel}","templated":true}]}}