{"id":61501,"date":"2026-03-12T11:43:53","date_gmt":"2026-03-12T11:43:53","guid":{"rendered":"https:\/\/ciaoup.it\/?p=61501"},"modified":"2026-03-12T11:43:53","modified_gmt":"2026-03-12T11:43:53","slug":"enrica-bonaccorti-la-battaglia-contro-il-tumore-al-pancreas-scoperto-nel-2025","status":"publish","type":"post","link":"https:\/\/ciaoup.it\/?p=61501","title":{"rendered":"Enrica Bonaccorti, la battaglia contro il tumore al pancreas scoperto nel 2025"},"content":{"rendered":"<p> (Adnkronos) &#8211;<br \/>\nEnrica Bonaccorti, morta oggi a 76 anni, ha affrontato negli ultimi mesi una lunga e dolorosa battaglia contro un tumore al pancreas, malattia tra le pi\u00f9 aggressive e difficili da trattare, diagnosticata all&#8217;inizo dell\u2019estate del 2025.\u00a0<\/p>\n<p>La scoperta del tumore, nel mese di giugno di un anno fa, ha segnato un momento di forte shock per la conduttrice, che in poche ore ha visto la sua vita rivoluzionata. &#8220;Mi sono come congelata: non ho provato n\u00e9 paura n\u00e9 tristezza, ma solo un\u2019assenza, come un lungo letargo a occhi aperti&#8221;, aveva raccontato in un\u2019intervista al Tg1 nell\u2019ottobre 2025. La reazione immediata \u00e8 stata quella di isolarsi, evitando contatti sia con il pubblico che con amici e familiari, fino a rendere pubblica la malattia dopo mesi di silenzio.\u00a0<\/p>\n<p>&#8220;Sono quattro mesi che mi sono nascosta anche con gli amici pi\u00f9 cari, senza rispondere, senza richiamare&#8221;, aveva scritto nello scorso autunno su Instagram, spiegando il bisogno di metabolizzare la diagnosi e di ritrovare la propria forza interiore. Nonostante la gravit\u00e0 della malattia, Bonaccorti ha sempre mostrato lucidit\u00e0 e determinazione. &#8220;Non sono disperata, le cure che faccio sono pesanti, ma sto reagendo bene&#8221;, aveva dichiarato, sottolineando come il sostegno della figlia Verdiana fosse stato fondamentale.\u00a0<\/p>\n<p>Il tumore che ha colpito Bonaccorti non era operabile a causa della posizione delicata dell\u2019organo. La terapia ha previsto cicli di chemioterapia e radioterapia, con effetti collaterali significativi: &#8220;Durante la chemio non riuscivo a bere acqua, sapeva di metallo&#8221;, aveva raccontato in un\u2019intervista a &#8216;Verissimo&#8217;. Nonostante le difficolt\u00e0 quotidiane, la conduttrice ha continuato a seguire le cure con coraggio, aggiornando periodicamente il pubblico sul decorso della malattia.\u00a0<\/p>\n<p>\nIl 29 settembre scorso Enrica Bonaccorti aveva rivelato il suo segreto su Instagram: in un post aveva raccontato che aveva iniziato la sua battaglia contro il tumore. \u201cSono 4 mesi che mi sono nascosta anche con gli amici pi\u00f9 cari, senza rispondere, senza richiamare, come se il mio non esserci facesse scomparire quel che invece c\u2019\u00e8\u2026 Mi scuso con tutti, fino a oggi mi sono bloccata nell\u2019assenza, ma l\u2019avevo sempre detto: se mi succedesse la stessa cosa di Eleonora, non sarei mai capace di affrontarla come lei\u201d. Un riferimento all&#8217;attrice Eleonora Giorgi, scomparsa il 3 marzo precedente, per un tumore.\u00a0<\/p>\n<p>Invece anche Bonaccorti, che \u00e8 stata sommersa subito da messaggi affettuosi di incoraggiamento, dopo due giorni, mercoled\u00ec primo ottobre, decise di parlare della malattia al Tg1. &#8220;La prima pulsione \u00e8 stata quella di scrivere, scusarmi con tutte le persone. Non sono disperata, le cure che faccio sono pesanti ma sto reagendo bene. Ho una bella, beh insomma bella, parrucchetta in testa&#8221;. Una parrucca di capelli corti, biondi, come li aveva sempre portati. Poi la conduttrice spieg\u00f2 perch\u00e9 il pensiero era andato subito a Eleonora Giorgi. &#8220;L\u2019organo \u00e8 lo stesso di Eleonora, una situazione difficile. Aveva un spirito, una forza. Non sar\u00f2 mai come lei&#8221;. Rifletteva: &#8220;Certo, abbiamo avuto una tegola in testa&#8221;. &#8220;La mia unica ragione di vita &#8211; ha raccontato in varie interviste &#8211; \u00e8 mia figlia. Mi d\u00e0 molta forza&#8221;. Nella foto che aveva pubblicato su Instagram la figlia Verdiana, sorridente, spingeva la carrozzina.\u00a0<\/p>\n<p>Bonaccorti aveva spiegato che l\u2019obiettivo delle terapie era ridurre il tumore e possibilmente renderlo operabile in futuro. &#8220;Tra tre mesi si faranno le indagini e vedremo se si potr\u00e0 operare&#8221;, aveva detto nell&#8217;ottobre scorso, mostrando una consapevolezza lucida e realistica della propria situazione.\u00a0<\/p>\n<p>\u00a0<\/p>\n<p>Il tumore al pancreas, organo fondamentale per la digestione e la regolazione del metabolismo, viene spesso diagnosticato in fase avanzata perch\u00e9 i sintomi iniziali possono essere assenti o vaghi. Tra i segnali pi\u00f9 comuni si annoverano dolore persistente nella parte alta dell\u2019addome o alla schiena, perdita di peso improvvisa, stanchezza intensa, nausea e ittero. La difficolt\u00e0 di individuare precocemente la malattia rende la prognosi complessa e il trattamento impegnativo. Quando il tumore \u00e8 localizzato e operabile, le terapie possono prevedere interventi chirurgici accompagnati da chemioterapia o radioterapia. Nei casi in cui la massa non \u00e8 rimovibile, come nel caso di Bonaccorti, le cure sono principalmente farmacologiche, mirate a rallentarne la progressione e a gestire i sintomi.\u00a0<\/p>\n<p>Enrica Bonaccorti, con una carriera lunga e trasversale iniziata in teatro negli anni Settanta e proseguita tra cinema, televisione e scrittura, ha affrontato la malattia con grande trasparenza, condividendo le difficolt\u00e0, la fragilit\u00e0 e la determinazione necessaria a convivere con una diagnosi cos\u00ec grave. La sua esperienza ha rappresentato per molti un esempio di coraggio e di resilienza, mostrando l\u2019importanza del sostegno familiare e dell\u2019affetto del pubblico nelle fasi pi\u00f9 difficili della vita, come in molti stanno scrivendo sui social dopo aver appreso della sua scomparsa oggi a 76 anni.\u00a0<\/p>\n<p>\u00a0<\/p>\n<p>&#8212;<\/p>\n<p>spettacoli<\/p>\n<p>webinfo@adnkronos.com (Web Info)<\/p>\n<div style=\"display:flex; gap:10px;justify-content:center\" class=\"wps-pgfw-pdf-generate-icon__wrapper-frontend\">\n\t\t<a  href=\"https:\/\/ciaoup.it?action=genpdf&amp;id=61501\" class=\"pgfw-single-pdf-download-button\" ><img src=\"https:\/\/ciaoup.it\/wp-content\/plugins\/pdf-generator-for-wp\/admin\/src\/images\/PDF_Tray.svg\" title=\"Generate PDF\" style=\"width:auto; height:45px;\"><\/a>\n\t\t<\/div>","protected":false},"excerpt":{"rendered":"<p>(Adnkronos) &#8211; Enrica Bonaccorti, morta oggi a 76 anni, ha affrontato negli ultimi mesi una&hellip;<\/p>\n","protected":false},"author":3,"featured_media":61502,"comment_status":"open","ping_status":"closed","sticky":false,"template":"","format":"standard","meta":{"footnotes":""},"categories":[12],"tags":[3],"class_list":["post-61501","post","type-post","status-publish","format-standard","has-post-thumbnail","hentry","category-comunicati","tag-ultimora"],"_links":{"self":[{"href":"https:\/\/ciaoup.it\/index.php?rest_route=\/wp\/v2\/posts\/61501","targetHints":{"allow":["GET"]}}],"collection":[{"href":"https:\/\/ciaoup.it\/index.php?rest_route=\/wp\/v2\/posts"}],"about":[{"href":"https:\/\/ciaoup.it\/index.php?rest_route=\/wp\/v2\/types\/post"}],"author":[{"embeddable":true,"href":"https:\/\/ciaoup.it\/index.php?rest_route=\/wp\/v2\/users\/3"}],"replies":[{"embeddable":true,"href":"https:\/\/ciaoup.it\/index.php?rest_route=%2Fwp%2Fv2%2Fcomments&post=61501"}],"version-history":[{"count":1,"href":"https:\/\/ciaoup.it\/index.php?rest_route=\/wp\/v2\/posts\/61501\/revisions"}],"predecessor-version":[{"id":61521,"href":"https:\/\/ciaoup.it\/index.php?rest_route=\/wp\/v2\/posts\/61501\/revisions\/61521"}],"wp:featuredmedia":[{"embeddable":true,"href":"https:\/\/ciaoup.it\/index.php?rest_route=\/wp\/v2\/media\/61502"}],"wp:attachment":[{"href":"https:\/\/ciaoup.it\/index.php?rest_route=%2Fwp%2Fv2%2Fmedia&parent=61501"}],"wp:term":[{"taxonomy":"category","embeddable":true,"href":"https:\/\/ciaoup.it\/index.php?rest_route=%2Fwp%2Fv2%2Fcategories&post=61501"},{"taxonomy":"post_tag","embeddable":true,"href":"https:\/\/ciaoup.it\/index.php?rest_route=%2Fwp%2Fv2%2Ftags&post=61501"}],"curies":[{"name":"wp","href":"https:\/\/api.w.org\/{rel}","templated":true}]}}