{"id":61499,"date":"2026-03-12T11:48:25","date_gmt":"2026-03-12T11:48:25","guid":{"rendered":"https:\/\/ciaoup.it\/?p=61499"},"modified":"2026-03-12T11:48:25","modified_gmt":"2026-03-12T11:48:25","slug":"iran-meloni-a-opposizioni-invito-a-dialogo-resta-valido-schlein-il-mio-numero-ce-lha","status":"publish","type":"post","link":"https:\/\/ciaoup.it\/?p=61499","title":{"rendered":"Iran, Meloni a opposizioni: &#8220;Invito a dialogo resta valido&#8221;. Schlein: &#8220;Il mio numero ce l&#8217;ha&#8221;"},"content":{"rendered":"<p> (Adnkronos) &#8211;<br \/>\nBotta e risposta tra la presidente del Consiglio Giorgia Meloni e la degretaria del Pd Elly Schlein. Al centro il conflitto in Iran, il discorso della premier in Aula ieri e le repliche delle opposizioni. \u00a0<\/p>\n<p>&#8220;Mi corre l\u2019obbligo, per ristabilire quanto accaduto, di rispondere alle dichiarazioni della segretaria del Partito democratico, Elly Schlein, relativamente all\u2019appello all\u2019unit\u00e0 che ho rivolto ieri, in aula, alle opposizioni&#8221;, ha detto oggi Meloni, ricordando come &#8220;il mio \u00e8 stato un appello al dialogo sincero e pubblico, a fronte del quale l\u2019opposizione ha risposto con accuse, ironie e perfino insulti personali. &#8216;Serva&#8217;, &#8216;ridicola&#8217;, &#8216;imbarazzante&#8217;, &#8216;pericolo per l\u2019umanit\u00e0&#8217;, &#8216;persona che striscia per non inciampare&#8217; e molti altri. Questi sono stati i toni utilizzati da esponenti dell\u2019opposizione, che mi sembrano ben lontani da un clima di confronto costruttivo&#8221;.\u00a0<\/p>\n<p>Meloni poi ricorda come &#8220;altri, invece, sempre nell\u2019opposizione, hanno cominciato ad accampare condizioni surreali per sedersi al tavolo, chiarendo come non vi fosse alcuna disponibilit\u00e0 ad avviare questo confronto. I toni che io ho utilizzato nella replica, invece, sono rimasti rispettosi. Mi sono limitata a chiedere all\u2019opposizione conto della differenza tra le posizioni che chiedono di assumere a noi, oggi, e quelle che assumevano quando non erano all\u2019opposizione. Nessuna clava, nessuna mancanza di rispetto, nessun insulto&#8221;, sottolinea, concludendo che &#8220;questa \u00e8 la realt\u00e0 che chiunque pu\u00f2 verificare riguardando il dibattito parlamentare. Se non vi \u00e8 disponibilit\u00e0 da parte dell\u2019opposizione a un coordinamento sulla crisi lo rispetto, ma non se ne dia la responsabilit\u00e0 a me&#8221;. &#8220;Confermo che il mio invito&#8221; a dialogo rivolto alle opposizioni &#8220;resta valido. Se l\u2019opposizione ha cambiato idea e intende davvero collaborare nell\u2019interesse dell\u2019Italia, lo dica chiaramente invece di accampare pretesti o condizioni. In questo caso, il governo \u00e8 pronto ad aprire un tavolo di confronto&#8221;, dichiara ancora la presidente del Consiglio.\u00a0<\/p>\n<p>&#8220;Presidente posi la clava, chi ci guarda non merita di guardare la lotta nel fango. Il suo appello all&#8217;unit\u00e0 \u00e8 durato due ore, poi \u00e8 tornata in lei&#8230;&#8221;, ha detto Schlein in Aula. E oggi, ospite di SkyTg24 nel programma &#8216;Start&#8217; di Giovanna Pancheri: &#8220;Dall&#8217;inizio del conflitto non l&#8217;ho mai sentita, il suo appello \u00e8 stato tardivo ed \u00e8 durato solo due ore, poi alla Camera ha ripreso la clava contro le opposizioni&#8221;. E ribadisce: &#8220;Meloni fa tutto da sola, ieri il nostro capogruppo Boccia, rispondendogli in Aula ha detto: noi ci siamo, come ci siamo sempre stati. Ricordo che a giugno, quando ci fu il primo attacco, fui io a chiamare la presidente del Consiglio, quindi noi ci siamo. Il punto \u00e8 che prima di tutto deve posare la clava&#8230;&#8221;. &#8220;Agli italiani non interessa questo e non meritano questo spettacolo, ma di vedere una presidente del Consiglio che invece che venire in aula ad attaccare le opposizioni o continuare a questionare, faccia il suo dovere e in questo senso riesca a dire alcune parole chiare&#8221;, aggiunge. &#8220;Ma come possiamo noi votare un testo in cui non si chiede a Trump e Netanyahu di fermarsi?&#8221;, aggiunge Schlein. \u00a0<\/p>\n<p>Ad attaccare Meloni ieri in Aula anche GIuseppe Conte: &#8220;Anche in un momento cos\u00ec drammatico, ha perso l&#8217;aplomb e ha iniziato a gettar fango. Ha detto bene non \u00e8 come noi perch\u00e9 \u00e8 certo che siamo diversi, a me non sarebbe mai venuto in mente di scendere a un tale livello di spregiudicatezza, ha dimostrato una condotta cos\u00ec priva di scrupoli da paragonare l&#8217;attacco di un drone americano per reazione all&#8217;attacco all&#8217;ambasciata americana Baghdad al silenzio complice di un genocidio per 20.000 bambini palestinesi&#8221;, ha detto il leader pentastellato.\ufeff\u00a0<\/p>\n<p>&#8220;C\u2019\u00e8 una cosa che non comprendo: in questi giorni ho letto da parte della sinistra tonnellate di comunicati che chiedevano a Meloni di venire in aula ma soprattutto di condividere di pi\u00f9 le informazioni e le iniziative sulla crisi in Medio Oriente. Ora ieri la premier ha offerto di aprire un tavolo a Chigi con le opposizioni. Mi sembra dovere e interesse di tutti accettare. Altrimenti anche le critiche che hanno un fondamento finiscono per sembrare pretestuose. Azione parteciper\u00e0 come ha sempre fatto con ogni governo a tavoli di consultazione e confronto su fatti che superano l\u2019interesse di una fazione e riguardano l\u2019interesse nazionale&#8221;. Lo scrive su X Carlo Calenda, leader di Azione.\u00a0<\/p>\n<p>&#8212;<\/p>\n<p>politica<\/p>\n<p>webinfo@adnkronos.com (Web Info)<\/p>\n<div style=\"display:flex; gap:10px;justify-content:center\" class=\"wps-pgfw-pdf-generate-icon__wrapper-frontend\">\n\t\t<a  href=\"https:\/\/ciaoup.it?action=genpdf&amp;id=61499\" class=\"pgfw-single-pdf-download-button\" ><img src=\"https:\/\/ciaoup.it\/wp-content\/plugins\/pdf-generator-for-wp\/admin\/src\/images\/PDF_Tray.svg\" title=\"Generate PDF\" style=\"width:auto; height:45px;\"><\/a>\n\t\t<\/div>","protected":false},"excerpt":{"rendered":"<p>(Adnkronos) &#8211; Botta e risposta tra la presidente del Consiglio Giorgia Meloni e la degretaria&hellip;<\/p>\n","protected":false},"author":3,"featured_media":61500,"comment_status":"open","ping_status":"closed","sticky":false,"template":"","format":"standard","meta":{"footnotes":""},"categories":[12],"tags":[3],"class_list":["post-61499","post","type-post","status-publish","format-standard","has-post-thumbnail","hentry","category-comunicati","tag-ultimora"],"_links":{"self":[{"href":"https:\/\/ciaoup.it\/index.php?rest_route=\/wp\/v2\/posts\/61499","targetHints":{"allow":["GET"]}}],"collection":[{"href":"https:\/\/ciaoup.it\/index.php?rest_route=\/wp\/v2\/posts"}],"about":[{"href":"https:\/\/ciaoup.it\/index.php?rest_route=\/wp\/v2\/types\/post"}],"author":[{"embeddable":true,"href":"https:\/\/ciaoup.it\/index.php?rest_route=\/wp\/v2\/users\/3"}],"replies":[{"embeddable":true,"href":"https:\/\/ciaoup.it\/index.php?rest_route=%2Fwp%2Fv2%2Fcomments&post=61499"}],"version-history":[{"count":1,"href":"https:\/\/ciaoup.it\/index.php?rest_route=\/wp\/v2\/posts\/61499\/revisions"}],"predecessor-version":[{"id":61522,"href":"https:\/\/ciaoup.it\/index.php?rest_route=\/wp\/v2\/posts\/61499\/revisions\/61522"}],"wp:featuredmedia":[{"embeddable":true,"href":"https:\/\/ciaoup.it\/index.php?rest_route=\/wp\/v2\/media\/61500"}],"wp:attachment":[{"href":"https:\/\/ciaoup.it\/index.php?rest_route=%2Fwp%2Fv2%2Fmedia&parent=61499"}],"wp:term":[{"taxonomy":"category","embeddable":true,"href":"https:\/\/ciaoup.it\/index.php?rest_route=%2Fwp%2Fv2%2Fcategories&post=61499"},{"taxonomy":"post_tag","embeddable":true,"href":"https:\/\/ciaoup.it\/index.php?rest_route=%2Fwp%2Fv2%2Ftags&post=61499"}],"curies":[{"name":"wp","href":"https:\/\/api.w.org\/{rel}","templated":true}]}}