{"id":61451,"date":"2026-03-12T10:19:45","date_gmt":"2026-03-12T10:19:45","guid":{"rendered":"https:\/\/ciaoup.it\/?p=61451"},"modified":"2026-03-12T10:19:45","modified_gmt":"2026-03-12T10:19:45","slug":"addio-a-enrica-bonaccorti-un-mese-fa-lultima-intervista-in-tv","status":"publish","type":"post","link":"https:\/\/ciaoup.it\/?p=61451","title":{"rendered":"Addio a Enrica Bonaccorti, un mese fa l&#8217;ultima intervista in tv"},"content":{"rendered":"<p> (Adnkronos) &#8211;<br \/>\nEnrica Bonaccorti \u00e8 morta oggi, gioved\u00ec 12 marzo, dopo una battaglia contro il tumore al pancreas, diagnosticato lo scorso settembre. L&#8217;ultima apparizione in tv risale esattamente a un mese fa, 12 febbraio, quando era stata ospite a La volta buona, programma di Rai1 condotto da Caterina Balivo. &#8220;Me lo dico da sola. Come sto? Sto bene&#8221;, aveva detto la conduttrice parlando delle sue condizioni di salute. \u00a0<\/p>\n<p>La conduttrice aveva raccontato di trascorrere le sue giornate lavorando sulla sua autobiografia: &#8220;Scrivere mi riempie la vita in modo meraviglioso, \u00e8 l&#8217;unica cosa che faccio in questo momento. Racconto la mia vita ed \u00e8 un lavoro che consiglio a tutti perch\u00e9 apre la mente su se stessi&#8221;. \u00a0<\/p>\n<p>Bonaccorti si era commossa parlando del forte legame con la mamma Titti, scomparsa nel 2003, e quello con la figlia Verdiana, che in questi ultimi mesi non l&#8217;ha mai lasciata da sola. &#8220;Io non sono stata una mamma perfetta, rimpiango di non aver fatto alcune cose con mia figlia. A causa di alcuni impegni non potevo nemmeno accompagnarla a scuola. Cose piccole di vita quotidiana, ma se potessi tornare indietro rimedierei&#8221;, aveva raccontato. \u00a0<\/p>\n<p>\u00a0<\/p>\n<p>Lo scorso settembre Bonaccorti aveva rivelato sui social di essere malata. Con un post su Instagram, la conduttrice aveva rivelato la diagnosi di tumore facendo riferimento nel messaggio anche a Eleonora Giorgi, morta a marzo all&#8217;et\u00e0 di 71 anni per un cancro al pancreas. &#8220;E&#8217; da tanto che non ci sentiamo e non ci vediamo, n\u00e9 qui n\u00e9 in televisione&#8221;, aveva scritto la 75 anni, nel messaggio abbinato alla foto che la ritrae su una sedia a rotella, spinta dalla figlia Verdiana.\u00a0<\/p>\n<p>&#8220;Sono 4 mesi che mi sono nascosta anche con gli amici pi\u00f9 cari, senza rispondere, senza richiamare, come se il mio non esserci facesse scomparire quel che invece c&#8217;\u00e8\u2026 mi scuso con tutti, fino a oggi mi sono bloccata nell&#8217;assenza, ma l&#8217;avevo sempre detto: se mi succedesse la stessa cosa di Eleonora, non sarei mai capace di affrontarla come lei&#8221;, aveva aggiunto. &#8220;E infatti non so cosa dire, tranne che \u00e8 successa. Ma siamo all\u2019inizio, e ora che sono riuscita a dirvelo, mi sento gi\u00e0 pi\u00f9 forte. Non far\u00f2 pi\u00f9 lo struzzo, ora ho voglia di volare di nuovo insieme a voi&#8221;, concludeva il messaggio.\u00a0<\/p>\n<p>\u00a0<\/p>\n<p>Lo scorso 25 gennaio \u00e8 stata ospite a Verissimo, nel salotto di Silvia Toffanin dove aveva raccontato che il suo tumore al pancreas non si era ridotto. &#8220;Speravo che andasse meglio, ho ripreso a fare la chemio perch\u00e9 non era cambiato molto. Ci sono giorni in cui va bene e giorni in cui va molto male, ma devo andare avanti cos\u00ec&#8221;, aveva spiegato Bonaccorti. \u00a0<\/p>\n<p>Il tumore non era pi\u00f9 operabile: &#8220;Fra qualche mese devo rifare le analisi e sperare di poter essere operata&#8221;, aveva aggiunto la conduttrice.\u00a0<\/p>\n<p>A Mara Venier, ospite a Domenica In, aveva raccontato le sue speranze:  &#8220;Non sono pessimista, voglio essere ottimista: la medicina \u00e8 andata molto avanti in questo settore. Trasmetto leggerezza? Esternamente, dentro di me sono molto melanconica di natura&#8221;, ha aggiunto.\u00a0<\/p>\n<p>&#8212;<\/p>\n<p>spettacoli<\/p>\n<p>webinfo@adnkronos.com (Web Info)<\/p>\n<div style=\"display:flex; gap:10px;justify-content:center\" class=\"wps-pgfw-pdf-generate-icon__wrapper-frontend\">\n\t\t<a  href=\"https:\/\/ciaoup.it?action=genpdf&amp;id=61451\" class=\"pgfw-single-pdf-download-button\" ><img src=\"https:\/\/ciaoup.it\/wp-content\/plugins\/pdf-generator-for-wp\/admin\/src\/images\/PDF_Tray.svg\" title=\"Generate PDF\" style=\"width:auto; height:45px;\"><\/a>\n\t\t<\/div>","protected":false},"excerpt":{"rendered":"<p>(Adnkronos) &#8211; Enrica Bonaccorti \u00e8 morta oggi, gioved\u00ec 12 marzo, dopo una battaglia contro il&hellip;<\/p>\n","protected":false},"author":3,"featured_media":61452,"comment_status":"open","ping_status":"closed","sticky":false,"template":"","format":"standard","meta":{"footnotes":""},"categories":[12],"tags":[3],"class_list":["post-61451","post","type-post","status-publish","format-standard","has-post-thumbnail","hentry","category-comunicati","tag-ultimora"],"_links":{"self":[{"href":"https:\/\/ciaoup.it\/index.php?rest_route=\/wp\/v2\/posts\/61451","targetHints":{"allow":["GET"]}}],"collection":[{"href":"https:\/\/ciaoup.it\/index.php?rest_route=\/wp\/v2\/posts"}],"about":[{"href":"https:\/\/ciaoup.it\/index.php?rest_route=\/wp\/v2\/types\/post"}],"author":[{"embeddable":true,"href":"https:\/\/ciaoup.it\/index.php?rest_route=\/wp\/v2\/users\/3"}],"replies":[{"embeddable":true,"href":"https:\/\/ciaoup.it\/index.php?rest_route=%2Fwp%2Fv2%2Fcomments&post=61451"}],"version-history":[{"count":1,"href":"https:\/\/ciaoup.it\/index.php?rest_route=\/wp\/v2\/posts\/61451\/revisions"}],"predecessor-version":[{"id":61471,"href":"https:\/\/ciaoup.it\/index.php?rest_route=\/wp\/v2\/posts\/61451\/revisions\/61471"}],"wp:featuredmedia":[{"embeddable":true,"href":"https:\/\/ciaoup.it\/index.php?rest_route=\/wp\/v2\/media\/61452"}],"wp:attachment":[{"href":"https:\/\/ciaoup.it\/index.php?rest_route=%2Fwp%2Fv2%2Fmedia&parent=61451"}],"wp:term":[{"taxonomy":"category","embeddable":true,"href":"https:\/\/ciaoup.it\/index.php?rest_route=%2Fwp%2Fv2%2Fcategories&post=61451"},{"taxonomy":"post_tag","embeddable":true,"href":"https:\/\/ciaoup.it\/index.php?rest_route=%2Fwp%2Fv2%2Ftags&post=61451"}],"curies":[{"name":"wp","href":"https:\/\/api.w.org\/{rel}","templated":true}]}}