{"id":61359,"date":"2026-03-11T19:47:53","date_gmt":"2026-03-11T19:47:53","guid":{"rendered":"https:\/\/ciaoup.it\/?p=61359"},"modified":"2026-03-11T19:47:53","modified_gmt":"2026-03-11T19:47:53","slug":"orlandi-gregori-da-presidente-commissione-lettera-a-prefetto-di-roma-su-scavi-casa-del-jazz","status":"publish","type":"post","link":"https:\/\/ciaoup.it\/?p=61359","title":{"rendered":"Orlandi-Gregori, da presidente Commissione lettera a prefetto di Roma su scavi Casa del Jazz"},"content":{"rendered":"<p> (Adnkronos) &#8211; A quanto apprende l\u2019Adnkronos il presidente della Commissione parlamentare di inchiesta sulla scomparsa di Emanuela Orlandi e di Mirella Gregori, Andrea De Priamo, ha scritto una lettera, condivisa con l\u2019Ufficio di presidenza dello stesso organismo parlamentare, al prefetto di Roma Lamberto Giannini in merito ai lavori di scavo alla Casa del Jazz.  \u00a0<\/p>\n<p>Dopo le notizie di stampa sugli scavi, sebbene al momento non siano emersi collegamenti con la vicenda di Emanuela Orlandi, a quanto si apprende, il presidente si \u00e8 rivolto al prefetto chiedendo di essere informato qualora emergesse, a qualsiasi livello, qualche profilo di interesse per la Commissione di inchiesta, che resta a disposizione in un\u2019ottica di collaborazione istituzionale.   \u00a0<\/p>\n<p>La Casa del Jazz sorge su quella che un tempo fu la villa del cassiere della banda della Magliana, Enrico Nicoletti, poi confiscata. Gli scavi sono iniziati nei mesi scorsi su input dell\u2019ex magistrato Guglielmo Muntoni ipotizzando che potesse essere sepolto l\u00ec il corpo del giudice scomparso Paolo Adinolfi. L\u2019attivit\u00e0 per\u00f2 ha alimentato interesse e curiosit\u00e0 anche per eventuali possibili collegamenti con Emanuela tanto che degli scavi sul centro culturale si \u00e8 interessata anche la famiglia Orlandi.\u00a0<\/p>\n<p>&#8212;<\/p>\n<p>cronaca<\/p>\n<p>webinfo@adnkronos.com (Web Info)<\/p>\n<div style=\"display:flex; gap:10px;justify-content:center\" class=\"wps-pgfw-pdf-generate-icon__wrapper-frontend\">\n\t\t<a  href=\"https:\/\/ciaoup.it?action=genpdf&amp;id=61359\" class=\"pgfw-single-pdf-download-button\" ><img src=\"https:\/\/ciaoup.it\/wp-content\/plugins\/pdf-generator-for-wp\/admin\/src\/images\/PDF_Tray.svg\" title=\"Generate PDF\" style=\"width:auto; height:45px;\"><\/a>\n\t\t<\/div>","protected":false},"excerpt":{"rendered":"<p>(Adnkronos) &#8211; A quanto apprende l\u2019Adnkronos il presidente della Commissione parlamentare di inchiesta sulla scomparsa&hellip;<\/p>\n","protected":false},"author":3,"featured_media":61360,"comment_status":"open","ping_status":"closed","sticky":false,"template":"","format":"standard","meta":{"footnotes":""},"categories":[12],"tags":[3],"class_list":["post-61359","post","type-post","status-publish","format-standard","has-post-thumbnail","hentry","category-comunicati","tag-ultimora"],"_links":{"self":[{"href":"https:\/\/ciaoup.it\/index.php?rest_route=\/wp\/v2\/posts\/61359","targetHints":{"allow":["GET"]}}],"collection":[{"href":"https:\/\/ciaoup.it\/index.php?rest_route=\/wp\/v2\/posts"}],"about":[{"href":"https:\/\/ciaoup.it\/index.php?rest_route=\/wp\/v2\/types\/post"}],"author":[{"embeddable":true,"href":"https:\/\/ciaoup.it\/index.php?rest_route=\/wp\/v2\/users\/3"}],"replies":[{"embeddable":true,"href":"https:\/\/ciaoup.it\/index.php?rest_route=%2Fwp%2Fv2%2Fcomments&post=61359"}],"version-history":[{"count":1,"href":"https:\/\/ciaoup.it\/index.php?rest_route=\/wp\/v2\/posts\/61359\/revisions"}],"predecessor-version":[{"id":61364,"href":"https:\/\/ciaoup.it\/index.php?rest_route=\/wp\/v2\/posts\/61359\/revisions\/61364"}],"wp:featuredmedia":[{"embeddable":true,"href":"https:\/\/ciaoup.it\/index.php?rest_route=\/wp\/v2\/media\/61360"}],"wp:attachment":[{"href":"https:\/\/ciaoup.it\/index.php?rest_route=%2Fwp%2Fv2%2Fmedia&parent=61359"}],"wp:term":[{"taxonomy":"category","embeddable":true,"href":"https:\/\/ciaoup.it\/index.php?rest_route=%2Fwp%2Fv2%2Fcategories&post=61359"},{"taxonomy":"post_tag","embeddable":true,"href":"https:\/\/ciaoup.it\/index.php?rest_route=%2Fwp%2Fv2%2Ftags&post=61359"}],"curies":[{"name":"wp","href":"https:\/\/api.w.org\/{rel}","templated":true}]}}