{"id":61342,"date":"2026-03-11T18:01:27","date_gmt":"2026-03-11T18:01:27","guid":{"rendered":"https:\/\/ciaoup.it\/?p=61342"},"modified":"2026-03-11T18:01:27","modified_gmt":"2026-03-11T18:01:27","slug":"fiere-cicerone-aeronautica-italia-pensi-a-supply-chain-complementare-tra-difesa-e-mondo-civile","status":"publish","type":"post","link":"https:\/\/ciaoup.it\/?p=61342","title":{"rendered":"Fiere, Cicerone (Aeronautica): &#8220;Italia pensi a supply chain complementare tra difesa e mondo civile&#8221;"},"content":{"rendered":"<p> (Adnkronos) &#8211; \u201cGli scenari internazionali dimostrano che le supply chain devono essere resilienti. Dobbiamo guardare al sistema paese nella sua complessit\u00e0, perch\u00e9 una nazione come l\u2019Italia, piattaforma logistica naturale, non pu\u00f2 che pensare ad una supply chain complementare tra il mondo della difesa e il mondo civile\u201d. Lo ha dichiarato il Generale dell\u2019Aeronautica Militare, Massimo Cicerone, capo del servizio dei supporti del Comando logistico, intervenendo alla quinta edizione di LetExpo, manifestazione nazionale e internazionale di riferimento per i trasporti, la logistica e i servizi alle imprese in corso a Verona, con particolare attenzione alle attuali dinamiche geopolitiche e ai temi della sostenibilit\u00e0 ambientale, economica e sociale. Cicerone ha inoltre richiamato l\u2019esperienza delle recenti emergenze, come durante la pandemia di Covid-19, quando i mezzi e le capacit\u00e0 logistiche della difesa hanno supportato il trasferimento dei pazienti tra diverse citt\u00e0 italiane e le attivit\u00e0 della campagna vaccinale, dimostrando come la logistica militare rappresenti una vera e propria \u201cspina dorsale\u201d operativa a supporto del sistema paese.\u00a0<\/p>\n<p>Guardando alle prospettive future: &#8220;Stiamo elaborando \u2013 sottolinea il Generale &#8211; algoritmi predittivi e strumenti basati su agenti di intelligenza artificiale che possano indicarci la soluzione migliore\u201d.\u00a0<\/p>\n<p>&#8212;<\/p>\n<p>economia<\/p>\n<p>webinfo@adnkronos.com (Web Info)<\/p>\n<div style=\"display:flex; gap:10px;justify-content:center\" class=\"wps-pgfw-pdf-generate-icon__wrapper-frontend\">\n\t\t<a  href=\"https:\/\/ciaoup.it?action=genpdf&amp;id=61342\" class=\"pgfw-single-pdf-download-button\" ><img src=\"https:\/\/ciaoup.it\/wp-content\/plugins\/pdf-generator-for-wp\/admin\/src\/images\/PDF_Tray.svg\" title=\"Generate PDF\" style=\"width:auto; height:45px;\"><\/a>\n\t\t<\/div>","protected":false},"excerpt":{"rendered":"<p>(Adnkronos) &#8211; \u201cGli scenari internazionali dimostrano che le supply chain devono essere resilienti. Dobbiamo guardare&hellip;<\/p>\n","protected":false},"author":3,"featured_media":61343,"comment_status":"open","ping_status":"closed","sticky":false,"template":"","format":"standard","meta":{"footnotes":""},"categories":[12],"tags":[3],"class_list":["post-61342","post","type-post","status-publish","format-standard","has-post-thumbnail","hentry","category-comunicati","tag-ultimora"],"_links":{"self":[{"href":"https:\/\/ciaoup.it\/index.php?rest_route=\/wp\/v2\/posts\/61342","targetHints":{"allow":["GET"]}}],"collection":[{"href":"https:\/\/ciaoup.it\/index.php?rest_route=\/wp\/v2\/posts"}],"about":[{"href":"https:\/\/ciaoup.it\/index.php?rest_route=\/wp\/v2\/types\/post"}],"author":[{"embeddable":true,"href":"https:\/\/ciaoup.it\/index.php?rest_route=\/wp\/v2\/users\/3"}],"replies":[{"embeddable":true,"href":"https:\/\/ciaoup.it\/index.php?rest_route=%2Fwp%2Fv2%2Fcomments&post=61342"}],"version-history":[{"count":1,"href":"https:\/\/ciaoup.it\/index.php?rest_route=\/wp\/v2\/posts\/61342\/revisions"}],"predecessor-version":[{"id":61349,"href":"https:\/\/ciaoup.it\/index.php?rest_route=\/wp\/v2\/posts\/61342\/revisions\/61349"}],"wp:featuredmedia":[{"embeddable":true,"href":"https:\/\/ciaoup.it\/index.php?rest_route=\/wp\/v2\/media\/61343"}],"wp:attachment":[{"href":"https:\/\/ciaoup.it\/index.php?rest_route=%2Fwp%2Fv2%2Fmedia&parent=61342"}],"wp:term":[{"taxonomy":"category","embeddable":true,"href":"https:\/\/ciaoup.it\/index.php?rest_route=%2Fwp%2Fv2%2Fcategories&post=61342"},{"taxonomy":"post_tag","embeddable":true,"href":"https:\/\/ciaoup.it\/index.php?rest_route=%2Fwp%2Fv2%2Ftags&post=61342"}],"curies":[{"name":"wp","href":"https:\/\/api.w.org\/{rel}","templated":true}]}}