{"id":61325,"date":"2026-03-11T17:50:48","date_gmt":"2026-03-11T17:50:48","guid":{"rendered":"https:\/\/ciaoup.it\/?p=61325"},"modified":"2026-03-11T17:50:48","modified_gmt":"2026-03-11T17:50:48","slug":"fiere-pavanetto-regione-veneto-verona-e-il-veneto-capaci-di-attrarre-investimenti-e-tavoli-di-confronto","status":"publish","type":"post","link":"https:\/\/ciaoup.it\/?p=61325","title":{"rendered":"Fiere, Pavanetto (Regione Veneto): &#8220;Verona e il Veneto capaci di attrarre investimenti e tavoli di confronto&#8221;"},"content":{"rendered":"<p> (Adnkronos) &#8211;  \u201cLa centralit\u00e0 del luogo dove ci troviamo \u00e8 importantissima: la citt\u00e0 di Verona e il Veneto ancora una volta dimostrano di essere capaci di attrarre non solo investimenti ma anche momenti di confronto soprattutto in un mondo come quello dei trasporti e della logistica\u201d. Sono le dichiarazioni di Luca Pavanetto, vicepresidente della Regione Veneto e assessore a turismo, lavoro e sicurezza, intervenendo alla quinta edizione di LetExpo a Verona, la manifestazione dedicata a trasporti, logistica e servizi alle imprese che riunisce istituzioni, aziende e operatori del settore.\u00a0<\/p>\n<p>\u201cIl Veneto \u2013 ha aggiunto Pavanetto \u2013 recita ancora una volta una parte fondamentale in questo comparto, oggi pi\u00f9 che mai in un contesto internazionale sempre pi\u00f9 complesso\u201d\u00a0<\/p>\n<p>Il vicepresidente della Regione Veneto ha evidenziato come tra le principali preoccupazioni vi siano le ricadute economiche delle crisi internazionali. \u201cIl pensiero riguarda sempre i costi dell\u2019energia e la variabilit\u00e0 di questi in generale, quindi dei consumi. La nostra regione e l\u2019Italia rappresentano comunque un\u2019isola felice anche per chi decide di muoversi da altri paesi, per trascorrere giornate di relax o per visite culturali\u201d.\u00a0<\/p>\n<p>&#8212;<\/p>\n<p>economia<\/p>\n<p>webinfo@adnkronos.com (Web Info)<\/p>\n<div style=\"display:flex; gap:10px;justify-content:center\" class=\"wps-pgfw-pdf-generate-icon__wrapper-frontend\">\n\t\t<a  href=\"https:\/\/ciaoup.it?action=genpdf&amp;id=61325\" class=\"pgfw-single-pdf-download-button\" ><img src=\"https:\/\/ciaoup.it\/wp-content\/plugins\/pdf-generator-for-wp\/admin\/src\/images\/PDF_Tray.svg\" title=\"Generate PDF\" style=\"width:auto; height:45px;\"><\/a>\n\t\t<\/div>","protected":false},"excerpt":{"rendered":"<p>(Adnkronos) &#8211; \u201cLa centralit\u00e0 del luogo dove ci troviamo \u00e8 importantissima: la citt\u00e0 di Verona&hellip;<\/p>\n","protected":false},"author":3,"featured_media":61326,"comment_status":"open","ping_status":"closed","sticky":false,"template":"","format":"standard","meta":{"footnotes":""},"categories":[12],"tags":[3],"class_list":["post-61325","post","type-post","status-publish","format-standard","has-post-thumbnail","hentry","category-comunicati","tag-ultimora"],"_links":{"self":[{"href":"https:\/\/ciaoup.it\/index.php?rest_route=\/wp\/v2\/posts\/61325","targetHints":{"allow":["GET"]}}],"collection":[{"href":"https:\/\/ciaoup.it\/index.php?rest_route=\/wp\/v2\/posts"}],"about":[{"href":"https:\/\/ciaoup.it\/index.php?rest_route=\/wp\/v2\/types\/post"}],"author":[{"embeddable":true,"href":"https:\/\/ciaoup.it\/index.php?rest_route=\/wp\/v2\/users\/3"}],"replies":[{"embeddable":true,"href":"https:\/\/ciaoup.it\/index.php?rest_route=%2Fwp%2Fv2%2Fcomments&post=61325"}],"version-history":[{"count":1,"href":"https:\/\/ciaoup.it\/index.php?rest_route=\/wp\/v2\/posts\/61325\/revisions"}],"predecessor-version":[{"id":61347,"href":"https:\/\/ciaoup.it\/index.php?rest_route=\/wp\/v2\/posts\/61325\/revisions\/61347"}],"wp:featuredmedia":[{"embeddable":true,"href":"https:\/\/ciaoup.it\/index.php?rest_route=\/wp\/v2\/media\/61326"}],"wp:attachment":[{"href":"https:\/\/ciaoup.it\/index.php?rest_route=%2Fwp%2Fv2%2Fmedia&parent=61325"}],"wp:term":[{"taxonomy":"category","embeddable":true,"href":"https:\/\/ciaoup.it\/index.php?rest_route=%2Fwp%2Fv2%2Fcategories&post=61325"},{"taxonomy":"post_tag","embeddable":true,"href":"https:\/\/ciaoup.it\/index.php?rest_route=%2Fwp%2Fv2%2Ftags&post=61325"}],"curies":[{"name":"wp","href":"https:\/\/api.w.org\/{rel}","templated":true}]}}