{"id":61318,"date":"2026-03-11T17:00:39","date_gmt":"2026-03-11T17:00:39","guid":{"rendered":"https:\/\/ciaoup.it\/?p=61318"},"modified":"2026-03-11T17:00:39","modified_gmt":"2026-03-11T17:00:39","slug":"logistica-pichetto-fratin-transizione-va-gestita-con-pragmatismo","status":"publish","type":"post","link":"https:\/\/ciaoup.it\/?p=61318","title":{"rendered":"Logistica, Pichetto Fratin: &#8220;Transizione va gestita con pragmatismo&#8221;"},"content":{"rendered":"<p> (Adnkronos) &#8211; &#8220;Dobbiamo essere responsabili e realisti difendendo sia l&#8217;ambiente che la capacit\u00e0 delle aziende di crescere e creare lavoro. Questa \u00e8 la sfida: una transizione che viene definita giusta \u00e8 possibile, \u00e8 necessaria ma va gestita con pragmatismo. E questo \u00e8 l&#8217;approccio che il governo ha avuto sin dal suo insediamento, in quelle che sono le politiche climatiche nazionali e anche nel confronto europeo. Abbiamo posto con forza il principio della neutralit\u00e0 tecnologica aprendo a tutte le soluzioni che contribuiscono a ridurre le emissioni, sostenendo con determinazione quindi i biocarburanti. Inoltre stiamo promuovendo l&#8217;elettrificazione delle infrastrutture portuali. \u00c8 una sfida importante, fondamentale per coniugare efficienza logistica e tutela dell&#8217;ambiente&#8221;. Cos\u00ec il ministro dell&#8217;Ambiente e della Sicurezza energetica Gilberto Pichetto Fratin in un videomessaggio inviato a LetExpo, evento di riferimento per i trasporti, la logistica ed i servizi alle imprese, organizzato da Alis in collaborazione con Veronafiere.\u00a0<\/p>\n<p>&#8220;Il trasporto integrato su gomma, ferro e mare rappresenta pi\u00f9 di una mera posizione strategica, un requisito che possiamo definire essenziale per potenziare l&#8217;efficienza della nostra produzione &#8211; osserva Pichetto &#8211; Parliamo di settori di rilievo che stanno accompagnando  la transizione energetica senza per\u00f2, con questo, trascurare l&#8217;esigenza di garantire la competitivit\u00e0 delle nostre imprese e il loro bisogno di continua innovazione. Sostenibilit\u00e0 e competitivit\u00e0 sono le due facce della stessa medaglia&#8221;.\u00a0<\/p>\n<p>&#8212;<\/p>\n<p>economia<\/p>\n<p>webinfo@adnkronos.com (Web Info)<\/p>\n<div style=\"display:flex; gap:10px;justify-content:center\" class=\"wps-pgfw-pdf-generate-icon__wrapper-frontend\">\n\t\t<a  href=\"https:\/\/ciaoup.it?action=genpdf&amp;id=61318\" class=\"pgfw-single-pdf-download-button\" ><img src=\"https:\/\/ciaoup.it\/wp-content\/plugins\/pdf-generator-for-wp\/admin\/src\/images\/PDF_Tray.svg\" title=\"Generate PDF\" style=\"width:auto; height:45px;\"><\/a>\n\t\t<\/div>","protected":false},"excerpt":{"rendered":"<p>(Adnkronos) &#8211; &#8220;Dobbiamo essere responsabili e realisti difendendo sia l&#8217;ambiente che la capacit\u00e0 delle aziende&hellip;<\/p>\n","protected":false},"author":3,"featured_media":61319,"comment_status":"open","ping_status":"closed","sticky":false,"template":"","format":"standard","meta":{"footnotes":""},"categories":[12],"tags":[3],"class_list":["post-61318","post","type-post","status-publish","format-standard","has-post-thumbnail","hentry","category-comunicati","tag-ultimora"],"_links":{"self":[{"href":"https:\/\/ciaoup.it\/index.php?rest_route=\/wp\/v2\/posts\/61318","targetHints":{"allow":["GET"]}}],"collection":[{"href":"https:\/\/ciaoup.it\/index.php?rest_route=\/wp\/v2\/posts"}],"about":[{"href":"https:\/\/ciaoup.it\/index.php?rest_route=\/wp\/v2\/types\/post"}],"author":[{"embeddable":true,"href":"https:\/\/ciaoup.it\/index.php?rest_route=\/wp\/v2\/users\/3"}],"replies":[{"embeddable":true,"href":"https:\/\/ciaoup.it\/index.php?rest_route=%2Fwp%2Fv2%2Fcomments&post=61318"}],"version-history":[{"count":1,"href":"https:\/\/ciaoup.it\/index.php?rest_route=\/wp\/v2\/posts\/61318\/revisions"}],"predecessor-version":[{"id":61322,"href":"https:\/\/ciaoup.it\/index.php?rest_route=\/wp\/v2\/posts\/61318\/revisions\/61322"}],"wp:featuredmedia":[{"embeddable":true,"href":"https:\/\/ciaoup.it\/index.php?rest_route=\/wp\/v2\/media\/61319"}],"wp:attachment":[{"href":"https:\/\/ciaoup.it\/index.php?rest_route=%2Fwp%2Fv2%2Fmedia&parent=61318"}],"wp:term":[{"taxonomy":"category","embeddable":true,"href":"https:\/\/ciaoup.it\/index.php?rest_route=%2Fwp%2Fv2%2Fcategories&post=61318"},{"taxonomy":"post_tag","embeddable":true,"href":"https:\/\/ciaoup.it\/index.php?rest_route=%2Fwp%2Fv2%2Ftags&post=61318"}],"curies":[{"name":"wp","href":"https:\/\/api.w.org\/{rel}","templated":true}]}}