{"id":61256,"date":"2026-03-11T15:01:04","date_gmt":"2026-03-11T15:01:04","guid":{"rendered":"https:\/\/ciaoup.it\/?p=61256"},"modified":"2026-03-11T15:01:04","modified_gmt":"2026-03-11T15:01:04","slug":"lavoro-nisini-aumentare-occupazione-di-qualita-flessibilita-non-vuol-dire-precarieta","status":"publish","type":"post","link":"https:\/\/ciaoup.it\/?p=61256","title":{"rendered":"Lavoro, Nisini: &#8220;Aumentare occupazione di qualit\u00e0, flessibilit\u00e0 non vuol dire precariet\u00e0&#8221;"},"content":{"rendered":"<p> (Adnkronos) &#8211; \u201c\u00c8 importante aumentare l\u2019occupazione, ma soprattutto aumentare un\u2019occupazione di qualit\u00e0. La politica deve trovare un equilibrio tra lavoratori e aziende e focalizzarsi anche sulla flessibilit\u00e0 del lavoro. Flessibilit\u00e0 non vuol dire precariet\u00e0: se regolata pu\u00f2 portare ad un aumento dell\u2019occupazione e ad una migliore qualit\u00e0 del lavoro, consentendo alle imprese di aumentare la richiesta di capitale umano qualificato\u201d. \u00a0<\/p>\n<p>Lo ha detto Tiziana Nisini, vicepresidente della Commissione Lavoro della Camera dei deputati, intervenendo a Verona alla quinta edizione di LetExpo, la fiera dedicata a logistica, trasporti e servizi alle imprese che riunisce istituzioni, aziende e operatori del settore.\u00a0<\/p>\n<p>\u201cLa manifestazione rappresenta una sorta di fotografia del paese racchiusa nei padiglioni, con aziende e realt\u00e0 che sono determinanti per l\u2019economia e la produttivit\u00e0 italiana\u201d, ha sottolineato Nisini, e costituisce quindi un luogo di confronto diretto tra politica e mondo produttivo sulle esigenze del mercato del lavoro. Tra i temi centrali anche quello della formazione e del capitale umano che \u201crimane il cuore pulsante del nostro Paese. Oggi corre insieme all\u2019intelligenza artificiale, ma ha qualcosa in pi\u00f9: l\u2019intelligenza artificiale deve essere un supporto alla persona, al lavoratore e all\u2019azienda, per migliorare la produttivit\u00e0 e la sicurezza nei luoghi di lavoro\u201d.\u00a0<\/p>\n<p>Nisini ha inoltre sottolineato come uno dei nodi emersi dal confronto con imprese e istituzioni sia la difficolt\u00e0 di reperire manodopera specializzata. \u201cNonostante le previsioni di assunzioni, molte aziende faticano a trovare competenze adeguate. Per questo tutti gli attori stanno lavorando per passare da una formazione \u2018a catalogo\u2019 ad una formazione costruita sulla persona, valorizzando le competenze che ciascun lavoratore sviluppa nel proprio percorso\u201d. In questo quadro il governo ha avviato interventi di riforma del sistema formativo. \u201cCon il ministro Valditara \u00e8 stato avviato un ammodernamento del sistema scolastico, con il rafforzamento degli Istituti tecnici superiori e nuovi percorsi come il modello \u20184+2\u2019, che mette insieme scuola superiore e formazione tecnica. Sono sperimentazioni che mirano a creare una sinergia pi\u00f9 forte tra scuola e imprese e a far emergere le competenze richieste dal mercato del lavoro\u201d, ha concluso. \u00a0<\/p>\n<p>&#8212;<\/p>\n<p>economia<\/p>\n<p>webinfo@adnkronos.com (Web Info)<\/p>\n<div style=\"display:flex; gap:10px;justify-content:center\" class=\"wps-pgfw-pdf-generate-icon__wrapper-frontend\">\n\t\t<a  href=\"https:\/\/ciaoup.it?action=genpdf&amp;id=61256\" class=\"pgfw-single-pdf-download-button\" ><img src=\"https:\/\/ciaoup.it\/wp-content\/plugins\/pdf-generator-for-wp\/admin\/src\/images\/PDF_Tray.svg\" title=\"Generate PDF\" style=\"width:auto; height:45px;\"><\/a>\n\t\t<\/div>","protected":false},"excerpt":{"rendered":"<p>(Adnkronos) &#8211; \u201c\u00c8 importante aumentare l\u2019occupazione, ma soprattutto aumentare un\u2019occupazione di qualit\u00e0. La politica deve&hellip;<\/p>\n","protected":false},"author":3,"featured_media":61257,"comment_status":"open","ping_status":"closed","sticky":false,"template":"","format":"standard","meta":{"footnotes":""},"categories":[12],"tags":[3],"class_list":["post-61256","post","type-post","status-publish","format-standard","has-post-thumbnail","hentry","category-comunicati","tag-ultimora"],"_links":{"self":[{"href":"https:\/\/ciaoup.it\/index.php?rest_route=\/wp\/v2\/posts\/61256","targetHints":{"allow":["GET"]}}],"collection":[{"href":"https:\/\/ciaoup.it\/index.php?rest_route=\/wp\/v2\/posts"}],"about":[{"href":"https:\/\/ciaoup.it\/index.php?rest_route=\/wp\/v2\/types\/post"}],"author":[{"embeddable":true,"href":"https:\/\/ciaoup.it\/index.php?rest_route=\/wp\/v2\/users\/3"}],"replies":[{"embeddable":true,"href":"https:\/\/ciaoup.it\/index.php?rest_route=%2Fwp%2Fv2%2Fcomments&post=61256"}],"version-history":[{"count":1,"href":"https:\/\/ciaoup.it\/index.php?rest_route=\/wp\/v2\/posts\/61256\/revisions"}],"predecessor-version":[{"id":61266,"href":"https:\/\/ciaoup.it\/index.php?rest_route=\/wp\/v2\/posts\/61256\/revisions\/61266"}],"wp:featuredmedia":[{"embeddable":true,"href":"https:\/\/ciaoup.it\/index.php?rest_route=\/wp\/v2\/media\/61257"}],"wp:attachment":[{"href":"https:\/\/ciaoup.it\/index.php?rest_route=%2Fwp%2Fv2%2Fmedia&parent=61256"}],"wp:term":[{"taxonomy":"category","embeddable":true,"href":"https:\/\/ciaoup.it\/index.php?rest_route=%2Fwp%2Fv2%2Fcategories&post=61256"},{"taxonomy":"post_tag","embeddable":true,"href":"https:\/\/ciaoup.it\/index.php?rest_route=%2Fwp%2Fv2%2Ftags&post=61256"}],"curies":[{"name":"wp","href":"https:\/\/api.w.org\/{rel}","templated":true}]}}