{"id":61248,"date":"2026-03-11T15:26:42","date_gmt":"2026-03-11T15:26:42","guid":{"rendered":"https:\/\/ciaoup.it\/?p=61248"},"modified":"2026-03-11T15:26:42","modified_gmt":"2026-03-11T15:26:42","slug":"la-russa-qualita-nostre-laureate-e-ottima-bisogna-aumentare-i-numeri","status":"publish","type":"post","link":"https:\/\/ciaoup.it\/?p=61248","title":{"rendered":"La Russa: &#8220;Qualit\u00e0 nostre laureate \u00e8 ottima, bisogna aumentare i numeri&#8221;"},"content":{"rendered":"<p> (Adnkronos) &#8211; \u201cHo ascoltato il grido di dolore relativo ai numeri\u201d, ancora bassi sia rispetto al corrispettivo italiano maschile che alla media europea, delle laureate in materie Stem. \u201c\u00c8 vero, bisogna incrementare il numero, ma quanto a qualit\u00e0 siamo a posto. Secondo me, le donne scienziate sono ormai anche pi\u00f9 brave degli uomini, perch\u00e9 si impegnano di pi\u00f9, sono pi\u00f9 eclettiche, sanno cogliere non soltanto l&#8217;essenza della loro professione, ma anche l&#8217;umanit\u00e0, che non si discosta mai dalla capacit\u00e0 di fare bene il proprio lavoro\u201d. Cos\u00ec il presidente del Senato, Ignazio La Russa, intervenendo a Roma durante l\u2019inaugurazione della mostra fotografica \u201cUna vita da scienziata \u2013 I volti del progetto #100esperte\u201d di Fondazione Bracco, collocata nel prestigioso Corridoio dei Busti del Senato.\u00a0<\/p>\n<p>\u00a0<\/p>\n<p>\u201cQuindi grazie davvero, per quello che fate, per quello che siete, per quello che rappresentate e grazie per avere dato al Senato l&#8217;opportunit\u00e0 di poterlo sottolineare e ribadire &#8211; aggiunge &#8211; Conosco bene la dottoressa Diana Bracco e sono molto orgoglioso di poter ospitare un lavoro che, in qualche modo, \u00e8 frutto della sua lungimiranza\u201d.\u00a0<\/p>\n<p>\u00a0<\/p>\n<p>Il presidente del Senato ha voluto infine ringraziare chi \u201cquesta mostra l&#8217;ha realizzata, Il fotografo, ma soprattutto la \u2018materia prima\u2019, le scienziate. Senza di loro non ci sarebbero state le fotografie e non ci sarebbe stata la mostra\u201d.\u00a0<\/p>\n<p>&#8212;<\/p>\n<p>cultura<\/p>\n<p>webinfo@adnkronos.com (Web Info)<\/p>\n<div style=\"display:flex; gap:10px;justify-content:center\" class=\"wps-pgfw-pdf-generate-icon__wrapper-frontend\">\n\t\t<a  href=\"https:\/\/ciaoup.it?action=genpdf&amp;id=61248\" class=\"pgfw-single-pdf-download-button\" ><img src=\"https:\/\/ciaoup.it\/wp-content\/plugins\/pdf-generator-for-wp\/admin\/src\/images\/PDF_Tray.svg\" title=\"Generate PDF\" style=\"width:auto; height:45px;\"><\/a>\n\t\t<\/div>","protected":false},"excerpt":{"rendered":"<p>(Adnkronos) &#8211; \u201cHo ascoltato il grido di dolore relativo ai numeri\u201d, ancora bassi sia rispetto&hellip;<\/p>\n","protected":false},"author":3,"featured_media":61249,"comment_status":"open","ping_status":"closed","sticky":false,"template":"","format":"standard","meta":{"footnotes":""},"categories":[12],"tags":[3],"class_list":["post-61248","post","type-post","status-publish","format-standard","has-post-thumbnail","hentry","category-comunicati","tag-ultimora"],"_links":{"self":[{"href":"https:\/\/ciaoup.it\/index.php?rest_route=\/wp\/v2\/posts\/61248","targetHints":{"allow":["GET"]}}],"collection":[{"href":"https:\/\/ciaoup.it\/index.php?rest_route=\/wp\/v2\/posts"}],"about":[{"href":"https:\/\/ciaoup.it\/index.php?rest_route=\/wp\/v2\/types\/post"}],"author":[{"embeddable":true,"href":"https:\/\/ciaoup.it\/index.php?rest_route=\/wp\/v2\/users\/3"}],"replies":[{"embeddable":true,"href":"https:\/\/ciaoup.it\/index.php?rest_route=%2Fwp%2Fv2%2Fcomments&post=61248"}],"version-history":[{"count":1,"href":"https:\/\/ciaoup.it\/index.php?rest_route=\/wp\/v2\/posts\/61248\/revisions"}],"predecessor-version":[{"id":61282,"href":"https:\/\/ciaoup.it\/index.php?rest_route=\/wp\/v2\/posts\/61248\/revisions\/61282"}],"wp:featuredmedia":[{"embeddable":true,"href":"https:\/\/ciaoup.it\/index.php?rest_route=\/wp\/v2\/media\/61249"}],"wp:attachment":[{"href":"https:\/\/ciaoup.it\/index.php?rest_route=%2Fwp%2Fv2%2Fmedia&parent=61248"}],"wp:term":[{"taxonomy":"category","embeddable":true,"href":"https:\/\/ciaoup.it\/index.php?rest_route=%2Fwp%2Fv2%2Fcategories&post=61248"},{"taxonomy":"post_tag","embeddable":true,"href":"https:\/\/ciaoup.it\/index.php?rest_route=%2Fwp%2Fv2%2Ftags&post=61248"}],"curies":[{"name":"wp","href":"https:\/\/api.w.org\/{rel}","templated":true}]}}