{"id":61216,"date":"2026-03-11T14:22:00","date_gmt":"2026-03-11T14:22:00","guid":{"rendered":"https:\/\/ciaoup.it\/?p=61216"},"modified":"2026-03-11T14:22:00","modified_gmt":"2026-03-11T14:22:00","slug":"benessere-del-cervello-censis-informato-solo-10-italiani","status":"publish","type":"post","link":"https:\/\/ciaoup.it\/?p=61216","title":{"rendered":"Benessere del cervello, Censis: &#8220;Informato solo 10% italiani&#8221;"},"content":{"rendered":"<p> (Adnkronos) &#8211; Il cervello \u00e8 il centro della nostra persona, ci\u00f2 che ci permette di esprimere noi stessi ogni giorno, eppure &#8211; secondo gli ultimi dati raccolti nell&#8217;indagine &#8216;Salute mentale e salute del cervello nella concezione della salute degli italiani&#8217;, realizzata dal Censis in collaborazione con Lundbeck Italia &#8211; meno del 10% degli italiani \u00e8 ben informato sulle numerose malattie che lo possono colpire. In occasione della Brain Awareness Week 2026, Lundbeck Italia accende cos\u00ec i riflettori su questo straordinario organo promuovendo &#8211; insieme a BrainCircle Italia e con la collaborazione del Comune di Brescia &#8211; la rassegna gratuita e aperta alla cittadinanza &#8216;Il cervello in scena&#8217;, in programma nel terzo weekend di marzo. \u00a0<\/p>\n<p>&#8220;In Italia sono almeno 20 milioni le persone colpite da patologie neurologiche e almeno 10 milioni sono quelle colpite da disturbi mentali. E&#8217; importante ricordare che molti di questi disturbi trovano spazio di sviluppo nella vita quotidiana &#8211; afferma Alessandro Padovani, past president Sin &#8211; Parliamo di cefalea ed emicrania, disturbi del sonno e cognitivi, ictus, epilessia, Parkinson, traumi cranici, ma anche di sclerosi multipla e malattie neuromuscolari, depressione, ansia, dipendenze, disturbi di personalit\u00e0. Molte di queste patologie possono essere prevenute o comunque possiamo cercare di limitare l&#8217;impatto. Quando sonno e alimentazione non sono ottimali, l&#8217;attivit\u00e0 fisica \u00e8 nulla, l&#8217;ambiente che ci circonda non \u00e8 sano e le relazioni sociali che intratteniamo non sono sufficienti a soddisfare il bisogno individuale e a offrire la giusta attivazione cognitiva, la salute del cervello e la salute mentale ne possono risentire. Negli ultimi anni \u00e8 aumentata l&#8217;attenzione agli stili di vita per quanto riguarda l&#8217;insorgenza di malattie come i tumori, ma \u00e8 importante tenerla in considerazione anche quando si parla di cervello. Promuovere stili di vita sani significa prendersi cura di uno dei nostri organi pi\u00f9 importanti e contribuire concretamente alla prevenzione di molte malattie. Attraverso la rassegna vogliamo dialogare con la comunit\u00e0 per far comprendere, attraverso il linguaggio del teatro e dell&#8217;arte, quanto sia importante preservare la salute del cervello. Parlarne \u00e8 essenziale per diffondere consapevolezza e aiutare le persone a compiere scelte quotidiane migliori&#8221;.\u00a0<\/p>\n<p>&#8220;La prevalenza di disturbi mentali in Italia \u00e8 sempre pi\u00f9 elevata: basti pensare che secondo l&#8217;Oms 1 persona su 7 nel corso della vita presenta problemi di questa natura, dalle pi\u00f9 semplici ansia e insonnia fino alle patologie pi\u00f9 gravi &#8211; sottolinea Antonio Vita, presidente Sip (Societ\u00e0 italiana di psichiatria) &#8211; Per ridurre lo stigma e la diffidenza rispetto a queste patologie \u00e8 importante riconoscerle come sempre pi\u00f9 curabili, e ricordare il collegamento diretto con le neuroscienze e la neurologia: si tratta infatti di disturbi in cui la parte biologica si coniuga con aspetti psicologici legati alla storia della persona e al contesto sociale in cui vive, che pu\u00f2 rivelarsi determinante e talvolta anche protettivo. Rompere lo stigma, avvicinarci a chi li vive \u00e8 un elemento di inclusione e facilitazione. Per questo \u00e8 importante partecipare alla rassegna &#8216;Il cervello in scena&#8217; di Brescia: la vita delle persone che soffrono di questi disturbi \u00e8 molto ricca e questo verr\u00e0 dimostrato proprio attraverso lo spettacolo teatrale in cui saranno attori con disabilit\u00e0 a recitare. Il giorno successivo alla messa in scena svolgeremo un dibattito con una valenza importante, perch\u00e9 parleremo del ruolo dell&#8217;arte: sia il teatro che il mezzo artistico sono infatti attivit\u00e0 parte di molti programmi di riabilitazione psichiatrici e possono rivelarsi veri e propri strumenti di cura, oltre che di avvicinamento ai cittadini&#8221;.\u00a0<\/p>\n<p>Il programma della rassegna &#8211; informa una nota &#8211; prende il via venerd\u00ec 20 marzo al Teatro Sociale di Brescia con lo spettacolo teatrale &#8216;Pinocchio, una favola alla rovescia&#8217;. La Compagnia Stabile del Teatro Patologico &#8211; fondata e diretta da Dario D&#8217;Ambrosi e composta da attori con disabilit\u00e0 fisiche e psichiche &#8211; porter\u00e0 in scena una rilettura del capolavoro di Carlo Collodi trasformando la storia di Pinocchio in una metafora del rapporto tra diversit\u00e0-unicit\u00e0, fragilit\u00e0 e societ\u00e0. Nello spettacolo il racconto si aprir\u00e0 l\u00e0 dove solitamente finisce: dal ventre del Pescecane. Un&#8217;inversione narrativa che diventa anche inversione di sguardo, capace di mettere in discussione ci\u00f2 che consideriamo normale. Lo spettacolo sar\u00e0 preceduto dai saluti delle autorit\u00e0 e da un breve dibattito introduttivo con Padovani e Vita. Sabato 21 marzo, a partire dalle 17.30 a Palazzo Martinengo delle Palle sar\u00e0 invece la volta di &#8216;NeuroArt &#8211; Quando l&#8217;arte accende il cervello&#8217;, un incontro aperto in cui scienza e arte siedono allo stesso tavolo per esplorare una domanda semplice e universale: che cosa succede nel nostro cervello quando incontriamo un&#8217;opera d\u2019arte? Attraverso il dialogo tra Padovani e Vita, Luigi Serafini (artista, designer e architetto italiano) e Umberta Gnutti Beretta (collezionista d&#8217;arte contemporanea), il talk accompagner\u00e0 il pubblico in un viaggio tra neuroscienze, storia dell&#8217;arte ed esperienza personale, per mostrare come l&#8217;arte non sia solo oggetto da osservare, ma esperienza che coinvolge il cervello, la mente, le emozioni e la relazione con gli altri.\u00a0<\/p>\n<p>&#8220;Come Amministrazione comunale riteniamo fondamentale contribuire a diffondere una maggiore consapevolezza sul tema della salute del cervello, che rappresenta una componente essenziale del benessere complessivo delle persone e delle comunit\u00e0 &#8211; dichiarano Marco Fenaroli, assessore al Welfare e alla Salute, e Raisa Labaran, consigliera con delega ai temi della sanit\u00e0 del Comune di  Brescia &#8211; I dati che emergono dalle ricerche pi\u00f9 recenti ci ricordano quanto sia ancora limitata l&#8217;informazione su queste tematiche e quanto sia necessario continuare a investire in momenti di confronto, divulgazione e sensibilizzazione rivolti a tutta la cittadinanza. Per questo il Comune di Brescia ha scelto di collaborare alla rassegna Il cervello in scena, un&#8217;iniziativa che unisce linguaggi diversi, dalla scienza all&#8217;arte, dal teatro al dialogo pubblico, per avvicinare le persone a un tema spesso percepito come distante o complesso. Portare questi argomenti in luoghi culturali aperti alla citt\u00e0 significa favorire una riflessione collettiva, contrastare lo stigma che ancora accompagna i disturbi neurologici e psichiatrici e promuovere una cultura della prevenzione. La salute del cervello, infatti, si costruisce anche attraverso gli stili di vita, le relazioni sociali, la qualit\u00e0 dell&#8217;ambiente e le opportunit\u00e0 culturali. Iniziative come questa rappresentano un&#8217;occasione preziosa per ricordare che prendersi cura del proprio benessere mentale e cognitivo \u00e8 una responsabilit\u00e0 condivisa, che coinvolge istituzioni, comunit\u00e0 scientifica e cittadini&#8221;.\u00a0<\/p>\n<p>&#8220;Come azienda che da oltre 70 anni si dedica esclusivamente alle neuroscienze, sentiamo la responsabilit\u00e0 di promuovere una vera cultura della salute del cervello, fondata su un\u2019alleanza tra scienza, istituzioni, associazioni e comunit\u00e0 &#8211; conclude Tiziana Mele, amministratore delegato di Lundbeck Italia &#8211; Con la rassegna &#8216;Il Cervello in scena&#8217;, patrocinata da Sip e Sin, vogliamo dimostrare che l&#8217;arte e il teatro non sono solo strumenti di espressione per le persone che convivono con una malattia del cervello o con disturbi mentali, ma anche potenti occasioni di dialogo e inclusione per la cittadinanza. Tutte le iniziative promosse in occasione della Brain Awareness Week nascono con un obiettivo preciso: trasformare la consapevolezza in azione, affinch\u00e9 ciascuno di noi possa coltivare, ogni giorno, la salute del proprio cervello&#8221;.\u00a0<\/p>\n<p>&#8212;<\/p>\n<p>salute<\/p>\n<p>webinfo@adnkronos.com (Web Info)<\/p>\n<div style=\"display:flex; gap:10px;justify-content:center\" class=\"wps-pgfw-pdf-generate-icon__wrapper-frontend\">\n\t\t<a  href=\"https:\/\/ciaoup.it?action=genpdf&amp;id=61216\" class=\"pgfw-single-pdf-download-button\" ><img src=\"https:\/\/ciaoup.it\/wp-content\/plugins\/pdf-generator-for-wp\/admin\/src\/images\/PDF_Tray.svg\" title=\"Generate PDF\" style=\"width:auto; height:45px;\"><\/a>\n\t\t<\/div>","protected":false},"excerpt":{"rendered":"<p>(Adnkronos) &#8211; Il cervello \u00e8 il centro della nostra persona, ci\u00f2 che ci permette di&hellip;<\/p>\n","protected":false},"author":3,"featured_media":61217,"comment_status":"open","ping_status":"closed","sticky":false,"template":"","format":"standard","meta":{"footnotes":""},"categories":[12],"tags":[3],"class_list":["post-61216","post","type-post","status-publish","format-standard","has-post-thumbnail","hentry","category-comunicati","tag-ultimora"],"_links":{"self":[{"href":"https:\/\/ciaoup.it\/index.php?rest_route=\/wp\/v2\/posts\/61216","targetHints":{"allow":["GET"]}}],"collection":[{"href":"https:\/\/ciaoup.it\/index.php?rest_route=\/wp\/v2\/posts"}],"about":[{"href":"https:\/\/ciaoup.it\/index.php?rest_route=\/wp\/v2\/types\/post"}],"author":[{"embeddable":true,"href":"https:\/\/ciaoup.it\/index.php?rest_route=\/wp\/v2\/users\/3"}],"replies":[{"embeddable":true,"href":"https:\/\/ciaoup.it\/index.php?rest_route=%2Fwp%2Fv2%2Fcomments&post=61216"}],"version-history":[{"count":1,"href":"https:\/\/ciaoup.it\/index.php?rest_route=\/wp\/v2\/posts\/61216\/revisions"}],"predecessor-version":[{"id":61244,"href":"https:\/\/ciaoup.it\/index.php?rest_route=\/wp\/v2\/posts\/61216\/revisions\/61244"}],"wp:featuredmedia":[{"embeddable":true,"href":"https:\/\/ciaoup.it\/index.php?rest_route=\/wp\/v2\/media\/61217"}],"wp:attachment":[{"href":"https:\/\/ciaoup.it\/index.php?rest_route=%2Fwp%2Fv2%2Fmedia&parent=61216"}],"wp:term":[{"taxonomy":"category","embeddable":true,"href":"https:\/\/ciaoup.it\/index.php?rest_route=%2Fwp%2Fv2%2Fcategories&post=61216"},{"taxonomy":"post_tag","embeddable":true,"href":"https:\/\/ciaoup.it\/index.php?rest_route=%2Fwp%2Fv2%2Ftags&post=61216"}],"curies":[{"name":"wp","href":"https:\/\/api.w.org\/{rel}","templated":true}]}}