{"id":61203,"date":"2026-03-11T13:48:15","date_gmt":"2026-03-11T13:48:15","guid":{"rendered":"https:\/\/ciaoup.it\/?p=61203"},"modified":"2026-03-11T13:48:15","modified_gmt":"2026-03-11T13:48:15","slug":"al-via-a-1-pulsar-festival-stem-che-riunisce-istituzioni-scienza-e-spettacolo","status":"publish","type":"post","link":"https:\/\/ciaoup.it\/?p=61203","title":{"rendered":"Al via a 1\u00b0 Pulsar &#8211; festival Stem che riunisce istituzioni, scienza e spettacolo"},"content":{"rendered":"<p> (Adnkronos) &#8211; Un\u2019apertura da tutto esaurito con l\u2019evento di lancio di \u201cPulsar \u2013 Festival delle Stem 2026\u201d, il progetto nato da un\u2019idea di iliad e realizzato da Open per avvicinare le nuove generazioni alle discipline scientifiche e accendere curiosit\u00e0, talento e nuove vocazioni. Le discipline Stem sono fondamentali per il nostro futuro e la rassegna punta a riportarle in primo piano: per la prima volta, iliad e Open hanno tradotto questo impegno in un vero e proprio festival, in grado di coinvolgere giovani, istituzioni, accademia e comunit\u00e0 locali attraversando l\u2019Italia da Nord a Sud. Un festival pensato per irradiare passione, idee e innovazione, proprio come una pulsar diffonde la sua luce.\u00a0<\/p>\n<p>La prima tappa \u00e8 ospitata oggi negli spazi del Museo dell\u2019Ara Pacis e patrocinata dal Comune di Roma, riunendo studenti, istituzioni, accademici, professionisti, media e appassionati di innovazione. Una partecipazione che conferma il forte bisogno di spazi di confronto su innovazione e competenze Stem, in preparazione e risposta alle sfide del futuro.\u00a0<\/p>\n<p>Nel corso del pomeriggio, l\u2019Ara Pacis si \u00e8 trasformata in un luogo di incontro tra scienza, istituzioni, imprese e cultura, con interventi e momenti di confronto dedicati al futuro delle competenze scientifiche e al ruolo delle nuove generazioni nel guidare l\u2019innovazione. Una conversazione che, per la prima volta, ha riunito sullo stesso palco mondi diversi, mostrando quanto sia importante affrontare il tema delle Stem attraverso linguaggi e prospettive differenti, in grado di coinvolgere un pubblico ampio e variegato.\u00a0<\/p>\n<p>\u00a0<\/p>\n<p>Ad aprire la giornata il panel \u201cVerso lo spazio \u2013 voci di una nuova generazione di astronauti\u201d, con gli astronauti Anthea Comellini e Andrea Patassa (European Space Agency), che hanno raccontato la propria esperienza e il valore della ricerca scientifica per affrontare le grandi sfide globali.\u00a0<\/p>\n<p>\u201cPenso ci sia una narrativa sbagliata sulle donne nella professione da astronauta. Spesso si portano avanti dei modelli che hanno un&#8217;eccezionalit\u00e0 e il messaggio che passa \u00e8 che \u201cper riuscirci devi essere straordinaria&#8221;, ma non \u00e8 cos\u00ec. Chiunque ce la pu\u00f2 fare.\u201d ha commentato l\u2019astronauta Anthea Comellini.\u00a0<\/p>\n<p>\u201cLe Stem mi hanno sempre appassionato perch\u00e9 rispondono alle domande che ci facciamo tutti i giorni. Guardando al futuro, non dobbiamo vedere l&#8217;intelligenza artificiale come qualcosa che sar\u00e0 in grado di sostituirci, ma come uno strumento. Ci permetter\u00e0 di fare cose che ora non possiamo fare\u201d, ha dichiarato l\u2019astronauta Andrea Patassa.\u00a0<\/p>\n<p>\u00a0<\/p>\n<p>A seguire il dibattito &#8216;Talenti e competenze di domani&#8217;, un confronto dedicato alle trasformazioni del mondo del lavoro e della formazione con Giuseppe Biazzo, presidente di Unindustria e ceo di Orienta, Rosario Rasizza ceo di OpenJob Metis, Andrea Malacrida ceo di Ali Lavoro, Laura Di Raimondo, direttore generale Asstel. Dal confronto \u00e8 emersa con forza la necessit\u00e0 di rafforzare il dialogo tra scuola, universit\u00e0 e imprese, per preparare le nuove generazioni alle sfide tecnologiche dei prossimi anni.\u00a0<\/p>\n<p>\u201cIl gap di genere nelle materie Stem ha conseguenze importanti, perch\u00e9 in questo modo mancano delle vere role model per i giovani. Si tratta di una sfida anche per le stesse famiglie e sta a tutti noi fare un vero e proprio salto culturale. Le donne troppo spesso rischiano di essere limitate a professioni al di fuori dell\u2019ambito Stem&#8221;, ha dichiarato Giuseppe Biazzo, presidente di Unindustria e ceo di Orienta.\u00a0<\/p>\n<p>\u201cOggi sulle materie Stem i numeri ci parlano di stereotipi di genere anacronistici rispetto ai bisogni reali che abbiamo sul mercato\u201d, ha commentato Andrea Malacrida, ceo di Ali Lavoro. Secondo Rosario Rasizza, ceo di OpenJob Metis, \u201cLe materie Stem sono pi\u00f9 attrattive in questo momento, noi abbiamo tante posizioni aperte eppure non riusciamo a trovare quelle figure\u201d.\u00a0<\/p>\n<p>\u00a0<\/p>\n<p>\u201cInvestire nelle competenze Stem significa rafforzare il futuro digitale e la competitivit\u00e0 del Paese. \u00c8 strategica la necessit\u00e0 di rafforzare il dialogo tra imprese, scuola, universit\u00e0 e Academy per orientare le nuove generazioni verso percorsi scientifici e tecnologici&#8221;, ha sottolineato Laura Di Raimondo, direttore generale di Asstel, \u201cLa filiera delle telecomunicazioni ha la responsabilit\u00e0 di raccontare e rendere visibili le opportunit\u00e0 professionali offerte dall\u2019innovazione in ambito tech. Iniziative come il festival Pulsar aiutano giovani e studentesse a immaginare nuovi percorsi e ad avvicinarsi alla scienza e al digitale. Fondamentale \u00e8 rendere la tecnologia comprensibile e concreta per stimolare curiosit\u00e0 e partecipazione&#8221;. \u00a0<\/p>\n<p>Grande attenzione anche al tema della parit\u00e0 di genere nelle discipline scientifiche, con il panel \u201cStem, arrivano le ragazze!\u201d grazie ai contributi di Antonella Polimeni, Rettrice della Sapienza Universit\u00e0 di Roma, Giovanna Spatari, Rettrice dell\u2019Universit\u00e0 di Messina e coordinatrice della commissione Tematiche di genere del Crui e Claudia Pratelli, Assessora alla Scuola del Comune di Roma. Una conversazione che intende mettere in primo piano l\u2019importanza di rendere le Stem sempre pi\u00f9 accessibili e inclusive, valorizzando il talento femminile e abbattendo le barriere che spesso ostacolano la partecipazione delle donne al settore Stem.\u00a0<\/p>\n<p>\u201cPer promuovere la diffusione delle Stem \u00e8 indispensabile agire anche sui pi\u00f9 piccoli: ad esempio, lavorare con le scuole prima delle superiori, promuovere gare femminili di matematica, portare avanti azioni che non si limitino alle sole giornate di orientamento\u201d, ha commentato Antonella Polimeni, Rettrice della Sapienza, Universit\u00e0 di Roma.\u00a0<\/p>\n<p>\u00a0<\/p>\n<p>Il pomeriggio prosegue con un confronto tra istituzioni e imprese sul ruolo della formazione scientifica nel futuro dell\u2019Italia insieme a Benedetto Levi, Amministratore delegato di iliad Italia, il Ministro dell\u2019Istruzione e del Merito Giuseppe Valditara e il Ministro dell\u2019Universit\u00e0 e della Ricerca Anna Maria Bernini, richiamando l\u2019importanza di iniziative capaci di avvicinare i giovani alle discipline Stem e di rafforzare l\u2019ecosistema dell\u2019innovazione in Italia.\u00a0<\/p>\n<p>\u201cLe Stem giocano un ruolo centrale in una societ\u00e0 sempre pi\u00f9 governata dall\u2019Intelligenza Artificiale e dalle nuove tecnologie. Grazie al contributo straordinario dei docenti, negli ultimi anni abbiamo raggiunto risultati straordinari nella diffusione delle STEM.\u201d, ha dichiarato Giuseppe Valditara, Ministro dell\u2019Istruzione e del Merito. \u201cAbbiamo investito due miliardi e cento milioni di euro per la digitalizzazione delle scuole e avviato riforme importanti per rafforzare l\u2019insegnamento della matematica e delle STEM. Lavoriamo affinch\u00e9 il Paese possa crescere e conquistare il futuro grazie alla scuola, offrendo ai nostri giovani la possibilit\u00e0 di realizzare appieno i propri talenti e azzerando le differenze di genere.\u201d\u00a0<\/p>\n<p>\u201cPer troppo tempo si \u00e8 pensato che le materie scientifiche non fossero adatte alle donne, ma si tratta di un pregiudizio da superare. Per ridurre questo divario, abbiamo rafforzato le borse di studio per le studentesse Stem e proposto programmi di orientamento per avvicinare le ragazze alle materie scientifiche.\u201d, ha dichiarato Anna Maria Bernini, Ministro dell\u2019Universit\u00e0 e della Ricerca. \u201cIl Ministero sta lavorando per ridurre il mismatch tra domanda e offerta nel mercato del lavoro. Servono pi\u00f9 laureati nelle materie scientifiche, perch\u00e9 le imprese cercheranno sempre pi\u00f9 profili Stem &#8211; pi\u00f9 velocemente di quanto il sistema riesca a formarli.\u201d\u00a0<\/p>\n<p>\u00a0<\/p>\n<p>\u201cCome le reti di telecomunicazioni, anche le Stem sono infrastrutture strategiche per la crescita del Paese: sembrano invisibili, eppure sono presenti in ogni aspetto della nostra vita e agiscono come abilitatori di opportunit\u00e0. Con Pulsar vogliamo avvicinare sempre pi\u00f9 persone alle STEM: vedere cos\u00ec tanti partecipanti riuniti all\u2019Ara Pacis \u00e8 il segnale pi\u00f9 forte che iniziative come questa vanno nella giusta direzione.\u201d, ha dichiarato Benedetto Levi, Amministratore delegato di iliad Italia. \u201cPer iliad, investire nella diffusione delle STEM significa anche contribuire alla crescita del Sistema Paese, per costruire un futuro pi\u00f9 aperto e ricco di possibilit\u00e0.\u201d\u00a0<\/p>\n<p>L\u2019evento si conclude con un momento di contaminazione tra scienza e cultura pop, con la partecipazione della cantautrice Ditonellapiaga e la stand-up comedy di Stefano Rapone, a testimonianza di come il linguaggio delle Stem possa dialogare con forme diverse di racconto e intrattenimento.\u00a0<\/p>\n<p>Con questo primo appuntamento prende ufficialmente il via \u201cPulsar \u2013 Festival delle Stem 2026\u201d, un progetto che nel corso dell\u2019anno attraverser\u00e0 altre sei citt\u00e0 italiane con eventi, workshop e incontri dedicati alla scoperta delle materie scientifiche. Il festival coinvolger\u00e0 scuole, universit\u00e0 e realt\u00e0 del territorio, con attivit\u00e0 pratiche, momenti di orientamento dedicati agli studenti e dialoghi aperti al pubblico, con l\u2019obiettivo di rendere le discipline Stem sempre pi\u00f9 accessibili e vicine alla vita quotidiana delle persone. Con Pulsar, iliad conferma il proprio impegno nel promuovere la diffusione delle competenze scientifiche e tecnologiche, contribuendo a sostenere le nuove generazioni nella costruzione del proprio futuro.\u00a0<\/p>\n<p>&#8212;<\/p>\n<p>economia<\/p>\n<p>webinfo@adnkronos.com (Web Info)<\/p>\n<div style=\"display:flex; gap:10px;justify-content:center\" class=\"wps-pgfw-pdf-generate-icon__wrapper-frontend\">\n\t\t<a  href=\"https:\/\/ciaoup.it?action=genpdf&amp;id=61203\" class=\"pgfw-single-pdf-download-button\" ><img src=\"https:\/\/ciaoup.it\/wp-content\/plugins\/pdf-generator-for-wp\/admin\/src\/images\/PDF_Tray.svg\" title=\"Generate PDF\" style=\"width:auto; height:45px;\"><\/a>\n\t\t<\/div>","protected":false},"excerpt":{"rendered":"<p>(Adnkronos) &#8211; Un\u2019apertura da tutto esaurito con l\u2019evento di lancio di \u201cPulsar \u2013 Festival delle&hellip;<\/p>\n","protected":false},"author":3,"featured_media":61204,"comment_status":"open","ping_status":"closed","sticky":false,"template":"","format":"standard","meta":{"footnotes":""},"categories":[12],"tags":[3],"class_list":["post-61203","post","type-post","status-publish","format-standard","has-post-thumbnail","hentry","category-comunicati","tag-ultimora"],"_links":{"self":[{"href":"https:\/\/ciaoup.it\/index.php?rest_route=\/wp\/v2\/posts\/61203","targetHints":{"allow":["GET"]}}],"collection":[{"href":"https:\/\/ciaoup.it\/index.php?rest_route=\/wp\/v2\/posts"}],"about":[{"href":"https:\/\/ciaoup.it\/index.php?rest_route=\/wp\/v2\/types\/post"}],"author":[{"embeddable":true,"href":"https:\/\/ciaoup.it\/index.php?rest_route=\/wp\/v2\/users\/3"}],"replies":[{"embeddable":true,"href":"https:\/\/ciaoup.it\/index.php?rest_route=%2Fwp%2Fv2%2Fcomments&post=61203"}],"version-history":[{"count":1,"href":"https:\/\/ciaoup.it\/index.php?rest_route=\/wp\/v2\/posts\/61203\/revisions"}],"predecessor-version":[{"id":61224,"href":"https:\/\/ciaoup.it\/index.php?rest_route=\/wp\/v2\/posts\/61203\/revisions\/61224"}],"wp:featuredmedia":[{"embeddable":true,"href":"https:\/\/ciaoup.it\/index.php?rest_route=\/wp\/v2\/media\/61204"}],"wp:attachment":[{"href":"https:\/\/ciaoup.it\/index.php?rest_route=%2Fwp%2Fv2%2Fmedia&parent=61203"}],"wp:term":[{"taxonomy":"category","embeddable":true,"href":"https:\/\/ciaoup.it\/index.php?rest_route=%2Fwp%2Fv2%2Fcategories&post=61203"},{"taxonomy":"post_tag","embeddable":true,"href":"https:\/\/ciaoup.it\/index.php?rest_route=%2Fwp%2Fv2%2Ftags&post=61203"}],"curies":[{"name":"wp","href":"https:\/\/api.w.org\/{rel}","templated":true}]}}