{"id":61179,"date":"2026-03-11T12:32:52","date_gmt":"2026-03-11T12:32:52","guid":{"rendered":"https:\/\/ciaoup.it\/?p=61179"},"modified":"2026-03-11T12:32:52","modified_gmt":"2026-03-11T12:32:52","slug":"chi-e-joao-fonseca-il-sinnerzinho-che-a-indian-wells-ha-fatto-tremare-sinner-e-sogna-il-numero-uno","status":"publish","type":"post","link":"https:\/\/ciaoup.it\/?p=61179","title":{"rendered":"Chi \u00e8 Joao Fonseca, il &#8216;Sinnerzinho&#8217; che a Indian Wells ha fatto tremare Sinner (e sogna il numero uno)"},"content":{"rendered":"<p> (Adnkronos) &#8211; &#8220;E&#8217; un gran talento, serve bene e colpisce bene in tutte le zone del campo. Sicuramente sar\u00e0 molto, molto difficile da battere. Lo \u00e8 gi\u00e0 adesso, ma in futuro lo sar\u00e0 ancora di pi\u00f9. Non so dove potr\u00e0 arrivare, non posso prevedere il futuro, ma credo che sia un giocatore di altissima qualit\u00e0&#8221;. Jannik Sinner elogia cos\u00ec Joao Fonseca dopo averlo battuto per 7-6 (8-6), 7-6 (7-4) agli ottavi di finale del torneo Atp Masters 1000 di Indian Wells oggi, mercoled\u00ec 11 marzo. Il loro primo scontro diretto di una serie che si prevede lunga. \u00a0<\/p>\n<p>Gi\u00e0 da diversi mesi il 19enne brasiliano \u00e8 pronosticato da numerosi addetti ai lavori come il nuovo fenomeno del tennis mondiale e potenziale terzo incomodo nel dualismo tra Carlos Alcaraz e Sinner per il numero uno del ranking Atp. Con il pusterese c&#8217;\u00e8 anche una somiglianza tecnica, un gioco basato sulla potenza da fondo campo e un rovescio bimane simile a quello dell&#8217;azzurro, che gi\u00e0 un paio di anni fa gli \u00e8 valso il soprannome di Sinnerzinho. &#8220;Il mio sogno \u00e8 diventare numero 1 del mondo, vincere titoli del Grande Slam e fare la storia per il Brasile\u201d, ha dichiarato in tempi non sospetti un 17enne Fonseca. La strada \u00e8 lunga ma le premesse ci sono tutte. Conosciamolo meglio. \u00a0<\/p>\n<p>\u00a0<\/p>\n<p>Fonseca nasce a Rio de Janeiro il 21 agosto del 2006 fa il suo esordio tra i professionisti a soli 16 anni nel febbraio 2023 proprio nella sua citt\u00e0 natale, perdendo al primo turno contro lo slovacco Alex Molcan con un netto 6-0, 6-3. In quell&#8217;anno conquista il titolo allo Us Oper junior. L&#8217;anno successivo, sempre a Rio, ottiene la sua prima vittoria a livello Atp, sconfiggendo il francese Arthur Fils al primo turno, per poi arrivare fino a quarti dove a fermarlo ci penser\u00e0 l&#8217;argentino Mariano Navone. A Madrid arriva il primo successo a livello Masters 1000 contro lo statunitense Alex Michelsen. \u00a0<\/p>\n<p>\nSul cemento di Lexington porta a casa il primo torneo a livello challenger e a fine stagione centra le Next Gen Atp Finals a Jeddah, diventando il secondo pi\u00f9 giovane dopo Sinner a farlo. Arriva anche la grande soddisfazione dell&#8217;esordio in Coppa Davis.  Il 2025 \u00e8 l&#8217;anno del salto di qualit\u00e0. A febbraio arriva il primo titolo Atp nel torneo 250 di Buenos Aires, dove in finale ha la meglio sull&#8217;argentino Francisco Cerundolo. Sul cemento indoor a Basilea arriva anche la vittoria in un 500 a Basilea in finale contro lo spagnolo Alejandro Davidovich Fokina. Chiude l&#8217;anno con il best ranking di numero 24 al mondo. L&#8217;inizio di 2026 \u00e8 avaro di soddisfazioni per Fonseca che soffre per problemi alla schiena che lo limitano all&#8217;Australian Open dove esce di scena all&#8217;esordio contro il cileno Alejandro Tabilo, poi cede al 2\u00b0 turno al peruviano Ignacio Buse a Rio. \u00a0<\/p>\n<p>&#8212;<\/p>\n<p>sport<\/p>\n<p>webinfo@adnkronos.com (Web Info)<\/p>\n<div style=\"display:flex; gap:10px;justify-content:center\" class=\"wps-pgfw-pdf-generate-icon__wrapper-frontend\">\n\t\t<a  href=\"https:\/\/ciaoup.it?action=genpdf&amp;id=61179\" class=\"pgfw-single-pdf-download-button\" ><img src=\"https:\/\/ciaoup.it\/wp-content\/plugins\/pdf-generator-for-wp\/admin\/src\/images\/PDF_Tray.svg\" title=\"Generate PDF\" style=\"width:auto; height:45px;\"><\/a>\n\t\t<\/div>","protected":false},"excerpt":{"rendered":"<p>(Adnkronos) &#8211; &#8220;E&#8217; un gran talento, serve bene e colpisce bene in tutte le zone&hellip;<\/p>\n","protected":false},"author":3,"featured_media":61180,"comment_status":"open","ping_status":"closed","sticky":false,"template":"","format":"standard","meta":{"footnotes":""},"categories":[12],"tags":[3],"class_list":["post-61179","post","type-post","status-publish","format-standard","has-post-thumbnail","hentry","category-comunicati","tag-ultimora"],"_links":{"self":[{"href":"https:\/\/ciaoup.it\/index.php?rest_route=\/wp\/v2\/posts\/61179","targetHints":{"allow":["GET"]}}],"collection":[{"href":"https:\/\/ciaoup.it\/index.php?rest_route=\/wp\/v2\/posts"}],"about":[{"href":"https:\/\/ciaoup.it\/index.php?rest_route=\/wp\/v2\/types\/post"}],"author":[{"embeddable":true,"href":"https:\/\/ciaoup.it\/index.php?rest_route=\/wp\/v2\/users\/3"}],"replies":[{"embeddable":true,"href":"https:\/\/ciaoup.it\/index.php?rest_route=%2Fwp%2Fv2%2Fcomments&post=61179"}],"version-history":[{"count":1,"href":"https:\/\/ciaoup.it\/index.php?rest_route=\/wp\/v2\/posts\/61179\/revisions"}],"predecessor-version":[{"id":61185,"href":"https:\/\/ciaoup.it\/index.php?rest_route=\/wp\/v2\/posts\/61179\/revisions\/61185"}],"wp:featuredmedia":[{"embeddable":true,"href":"https:\/\/ciaoup.it\/index.php?rest_route=\/wp\/v2\/media\/61180"}],"wp:attachment":[{"href":"https:\/\/ciaoup.it\/index.php?rest_route=%2Fwp%2Fv2%2Fmedia&parent=61179"}],"wp:term":[{"taxonomy":"category","embeddable":true,"href":"https:\/\/ciaoup.it\/index.php?rest_route=%2Fwp%2Fv2%2Fcategories&post=61179"},{"taxonomy":"post_tag","embeddable":true,"href":"https:\/\/ciaoup.it\/index.php?rest_route=%2Fwp%2Fv2%2Ftags&post=61179"}],"curies":[{"name":"wp","href":"https:\/\/api.w.org\/{rel}","templated":true}]}}