{"id":61150,"date":"2026-03-11T12:25:17","date_gmt":"2026-03-11T12:25:17","guid":{"rendered":"https:\/\/ciaoup.it\/?p=61150"},"modified":"2026-03-11T12:25:17","modified_gmt":"2026-03-11T12:25:17","slug":"bernini-fondazione-bracco-con-mostra-al-senato-omaggiamo-donne-nella-scienza","status":"publish","type":"post","link":"https:\/\/ciaoup.it\/?p=61150","title":{"rendered":"Bernini (Fondazione Bracco): &#8220;Con mostra al Senato omaggiamo donne nella scienza&#8221;"},"content":{"rendered":"<p> (Adnkronos) &#8211;  La mostra \u2018Una vita da scienziata\u2019, inaugurata alla Sala dei Busti di Palazzo Madama al Senato, \u00e8 un omaggio alla scienza, soprattutto di quella al femminile. Le donne ritratte nelle foto di Gerald Bruneau sono infatti tra le maggiori scienziate italiane\u201d. Cos\u00ec Gaela Bernini, segretario generale di Fondazione Bracco, intervenendo all\u2019inaugurazione di \u201cUna vita da scienziata \u2013 I volti del progetto #100 esperte&#8221; al Senato a Roma. La mostra fa parte di \u201c100 donne contro gli stereotipi\u201d, il progetto avviato nel 2016 dalla Fondazione con l\u2019obiettivo di combattere le discriminazioni e gli stereotipi di genere dando voce alle donne impegnate in settori strategici, quali la scienza, l\u2019economia, la politica internazionale e le istituzioni culturali. Nata sette anni fa, la galleria fotografica \u00e8 stata portata in numerose sedi italiane e internazionali, da Washington a Praga, da New York a Citt\u00e0 del Messico, da Israele al Brasile.\u00a0<\/p>\n<p>\u201cIl messaggio ancora pi\u00f9 profondo della mostra risiede nell\u2019evidenziare che la scienza, anche ai massimi livelli, non \u00e8 qualcosa di noioso o di ostico, bens\u00ec \u00e8 qualcosa che ti appassiona e che \u00e8 anche divertente &#8211; aggiunge &#8211; Come Fondazione stiamo lavorando ad una campagna culturale, perch\u00e9 i dati italiani non sono confortanti: le laureate in discipline stem tra i 24 e i 35 anni sono la met\u00e0 dei ragazzi, i quali sono gi\u00e0 un numero minore rispetto alla media europea. In Italia sono troppo pochi i giovani che studiano discipline Stem, quelle che toccano i temi su cui si gioca la partita non del futuro ma del presente\u201d. \u00a0<\/p>\n<p>Un progetto, quello della mostra al Senato, che si inserisce in un pi\u00f9 ampio palinsesto di iniziative portate avanti da Fondazione Bracco per una sorta di \u20188 marzo diffuso\u2019: \u201cIn occasione della Giornata internazionale della donna abbiamo portato in diversi luoghi messaggi e mostre. Al Museo del Mare di Trieste abbiamo la mostra \u2018Mind the stem gap together\u2019, realizzata con i ragazzi delle scuole superiori e volta dare messaggi &#8211; anche divertenti e a tratti provocatori &#8211; sugli stereotipi di genere. A Verona, a Porta Borsari, vicino all&#8217;Arena, abbiamo un\u2019esposizione dedicata alle sportive, intitolata \u2018Una vita per lo sport\u2019. Anche in questo caso, cerchiamo di abbattere gli stereotipi e, soprattutto, dare visibilit\u00e0 ad atlete, para atlete e professioniste dello sport\u201d. Anche in ambito agonistico infatti \u201cc&#8217;\u00e8 un forte gap di genere &#8211; puntualizza &#8211; e mancanza di parit\u00e0 nei ruoli ricoperti. Un piccolo estratto di questa mostra sar\u00e0 inaugurato ad Olbia, insieme alle \u2018Giulia giornaliste\u2019. Appuntamenti che mostrano il nostro tentativo di essere il pi\u00f9 possibile pervasivi per far giungere a tutti questo messaggio\u201d.\u00a0<\/p>\n<p>&#8212;<\/p>\n<p>cultura<\/p>\n<p>webinfo@adnkronos.com (Web Info)<\/p>\n<div style=\"display:flex; gap:10px;justify-content:center\" class=\"wps-pgfw-pdf-generate-icon__wrapper-frontend\">\n\t\t<a  href=\"https:\/\/ciaoup.it?action=genpdf&amp;id=61150\" class=\"pgfw-single-pdf-download-button\" ><img src=\"https:\/\/ciaoup.it\/wp-content\/plugins\/pdf-generator-for-wp\/admin\/src\/images\/PDF_Tray.svg\" title=\"Generate PDF\" style=\"width:auto; height:45px;\"><\/a>\n\t\t<\/div>","protected":false},"excerpt":{"rendered":"<p>(Adnkronos) &#8211; La mostra \u2018Una vita da scienziata\u2019, inaugurata alla Sala dei Busti di Palazzo&hellip;<\/p>\n","protected":false},"author":3,"featured_media":61151,"comment_status":"open","ping_status":"closed","sticky":false,"template":"","format":"standard","meta":{"footnotes":""},"categories":[12],"tags":[3],"class_list":["post-61150","post","type-post","status-publish","format-standard","has-post-thumbnail","hentry","category-comunicati","tag-ultimora"],"_links":{"self":[{"href":"https:\/\/ciaoup.it\/index.php?rest_route=\/wp\/v2\/posts\/61150","targetHints":{"allow":["GET"]}}],"collection":[{"href":"https:\/\/ciaoup.it\/index.php?rest_route=\/wp\/v2\/posts"}],"about":[{"href":"https:\/\/ciaoup.it\/index.php?rest_route=\/wp\/v2\/types\/post"}],"author":[{"embeddable":true,"href":"https:\/\/ciaoup.it\/index.php?rest_route=\/wp\/v2\/users\/3"}],"replies":[{"embeddable":true,"href":"https:\/\/ciaoup.it\/index.php?rest_route=%2Fwp%2Fv2%2Fcomments&post=61150"}],"version-history":[{"count":1,"href":"https:\/\/ciaoup.it\/index.php?rest_route=\/wp\/v2\/posts\/61150\/revisions"}],"predecessor-version":[{"id":61183,"href":"https:\/\/ciaoup.it\/index.php?rest_route=\/wp\/v2\/posts\/61150\/revisions\/61183"}],"wp:featuredmedia":[{"embeddable":true,"href":"https:\/\/ciaoup.it\/index.php?rest_route=\/wp\/v2\/media\/61151"}],"wp:attachment":[{"href":"https:\/\/ciaoup.it\/index.php?rest_route=%2Fwp%2Fv2%2Fmedia&parent=61150"}],"wp:term":[{"taxonomy":"category","embeddable":true,"href":"https:\/\/ciaoup.it\/index.php?rest_route=%2Fwp%2Fv2%2Fcategories&post=61150"},{"taxonomy":"post_tag","embeddable":true,"href":"https:\/\/ciaoup.it\/index.php?rest_route=%2Fwp%2Fv2%2Ftags&post=61150"}],"curies":[{"name":"wp","href":"https:\/\/api.w.org\/{rel}","templated":true}]}}