{"id":61079,"date":"2026-03-11T08:06:00","date_gmt":"2026-03-11T08:06:00","guid":{"rendered":"https:\/\/ciaoup.it\/?p=61079"},"modified":"2026-03-11T08:06:00","modified_gmt":"2026-03-11T08:06:00","slug":"iran-khamenei-e-ferito-e-si-nasconde-la-sorte-della-guida-suprema-e-un-mistero","status":"publish","type":"post","link":"https:\/\/ciaoup.it\/?p=61079","title":{"rendered":"Iran, &#8220;Khamenei \u00e8 ferito e si nasconde&#8221;: la sorte della Guida Suprema \u00e8 un mistero"},"content":{"rendered":"<p> (Adnkronos) &#8211;<br \/>\nMojtaba Khamenei \u00e8 ferito e le sue condizioni non sono note. La nuova Guida Suprema dell&#8217;Iran, nominata 3 giorni fa, non \u00e8 apparsa in pubblico n\u00e9 in video. Il figlio e successore dell&#8217;ayatollah Ali Khamenei, ucciso da Israele e Stati Uniti nelle prime fasi della guerra iniziata il 28 febbraio, sinora non ha diffuso nemmeno comunicazioni scritte. Il 56enne, secondo quanto riferisce il New York Times, \u00e8 rimasto ferito negli attacchi su Teheran. Secondo tre fonti iraniane, che riportano informazioni fornite da figure di rilievo nel regime, Khamenei \u00e8 stato ferito in particolare alle gambe. Da allora, \u00e8 stato trasferito in un luogo ritenuto pi\u00f9 sicuro e ha ridotto al minimo le comunicazioni per evitare di essere localizzato.\u00a0<\/p>\n<p>Anche secondo Israele &#8211; e in particolare secondo l&#8217;apparato militare &#8211; Khamenei \u00e8 stato ferito nei raid del 28 febbraio: le fonti a cui fa riferimento il NYT sarebbero giunte a questa conclusione prima ancora della nomina di Mojtaba Khamenei a nuova Guida Suprema. Non sono chiare le condizioni in cui Khamenei sarebbe stato colpito. Suo padre \u00e8 stato ucciso dai raid aerei israeliani mentre si rifugiava nel compound nel cuore di Teheran. Nell&#8217;attacco sono stati uccisi anche la madre di Mojtaba Khamenei, sua moglie e un figlio, oltre ad altri elementi di spicco del regime. La nuova Guida Suprema\u00e8 stata definita &#8220;un veterano di guerra ferito&#8221; dalla tv di stato e dall&#8217;agenzia Irna, un altro indizio &#8211; evidenzia il NYT &#8211; che fa pensare ai danni effettivamente subiti nella fase iniziale del conflitto.\u00a0<\/p>\n<p>Per Israele, anche Mojtaba Khamenei \u00e8 un obiettivo dichiarato. Pi\u00f9 sfumata la posizione di Donald Trump. Il presidente degli Stati Uniti si \u00e8 detto &#8220;deluso&#8221; dalla scelta di Teheran per la nuova Guida Suprema e continua ad auspicare l&#8217;avvento di un altro &#8220;leader interno&#8221;. &#8220;Khamenei ha un bersaglio sulla schiena? Non lo dico, sarebbe inappropriato&#8221;, la risposta di Trump nela conferenza stampa tenuta luned\u00ec in Florida. \u00a0<\/p>\n<p>&#8212;<\/p>\n<p>internazionale\/esteri<\/p>\n<p>webinfo@adnkronos.com (Web Info)<\/p>\n<div style=\"display:flex; gap:10px;justify-content:center\" class=\"wps-pgfw-pdf-generate-icon__wrapper-frontend\">\n\t\t<a  href=\"https:\/\/ciaoup.it?action=genpdf&amp;id=61079\" class=\"pgfw-single-pdf-download-button\" ><img src=\"https:\/\/ciaoup.it\/wp-content\/plugins\/pdf-generator-for-wp\/admin\/src\/images\/PDF_Tray.svg\" title=\"Generate PDF\" style=\"width:auto; height:45px;\"><\/a>\n\t\t<\/div>","protected":false},"excerpt":{"rendered":"<p>(Adnkronos) &#8211; Mojtaba Khamenei \u00e8 ferito e le sue condizioni non sono note. La nuova&hellip;<\/p>\n","protected":false},"author":3,"featured_media":61080,"comment_status":"open","ping_status":"closed","sticky":false,"template":"","format":"standard","meta":{"footnotes":""},"categories":[12],"tags":[3],"class_list":["post-61079","post","type-post","status-publish","format-standard","has-post-thumbnail","hentry","category-comunicati","tag-ultimora"],"_links":{"self":[{"href":"https:\/\/ciaoup.it\/index.php?rest_route=\/wp\/v2\/posts\/61079","targetHints":{"allow":["GET"]}}],"collection":[{"href":"https:\/\/ciaoup.it\/index.php?rest_route=\/wp\/v2\/posts"}],"about":[{"href":"https:\/\/ciaoup.it\/index.php?rest_route=\/wp\/v2\/types\/post"}],"author":[{"embeddable":true,"href":"https:\/\/ciaoup.it\/index.php?rest_route=\/wp\/v2\/users\/3"}],"replies":[{"embeddable":true,"href":"https:\/\/ciaoup.it\/index.php?rest_route=%2Fwp%2Fv2%2Fcomments&post=61079"}],"version-history":[{"count":1,"href":"https:\/\/ciaoup.it\/index.php?rest_route=\/wp\/v2\/posts\/61079\/revisions"}],"predecessor-version":[{"id":61089,"href":"https:\/\/ciaoup.it\/index.php?rest_route=\/wp\/v2\/posts\/61079\/revisions\/61089"}],"wp:featuredmedia":[{"embeddable":true,"href":"https:\/\/ciaoup.it\/index.php?rest_route=\/wp\/v2\/media\/61080"}],"wp:attachment":[{"href":"https:\/\/ciaoup.it\/index.php?rest_route=%2Fwp%2Fv2%2Fmedia&parent=61079"}],"wp:term":[{"taxonomy":"category","embeddable":true,"href":"https:\/\/ciaoup.it\/index.php?rest_route=%2Fwp%2Fv2%2Fcategories&post=61079"},{"taxonomy":"post_tag","embeddable":true,"href":"https:\/\/ciaoup.it\/index.php?rest_route=%2Fwp%2Fv2%2Ftags&post=61079"}],"curies":[{"name":"wp","href":"https:\/\/api.w.org\/{rel}","templated":true}]}}