{"id":61041,"date":"2026-03-11T00:06:31","date_gmt":"2026-03-11T00:06:31","guid":{"rendered":"https:\/\/ciaoup.it\/?p=61041"},"modified":"2026-03-11T00:06:31","modified_gmt":"2026-03-11T00:06:31","slug":"qatar-allarme-missili-in-tv-durante-la-champions-league","status":"publish","type":"post","link":"https:\/\/ciaoup.it\/?p=61041","title":{"rendered":"Qatar, allarme missili in tv durante&#8230; la Champions League"},"content":{"rendered":"<p> (Adnkronos) &#8211;<br \/>\nAllarme missili in Qatar durante&#8230; la Champions League. Oggi, marted\u00ec 10 marzo, negli studi di Bein Sports \u00e8 suonato l&#8217;allarme antimissili, figlio della continua rappresaglia dell&#8217;Iran dopo l&#8217;attacco di Stati Uniti e Israele, su tutti i telefoni delle persone presenti per commentare l&#8217;andata degli ottavi di finale della massima competizione europea.\u00a0<\/p>\n<p>\u00c8 successo tutto in diretta. Mentre giornalisti e ospiti stavano parlando dei risultati maturati al termine delle sfide di Champions, i discorsi sono stati interrotti dal suono dei dispositivi, creando qualche momento di panico generale. \u00a0<\/p>\n<p>Il tutto \u00e8 stato spiegato in diretta agli spettatori, con la situazione che \u00e8 poi tornata alla normalit\u00e0 e si \u00e8 potuto quindi tornare a parlare di calcio.\u00a0<\/p>\n<p>\u00a0<\/p>\n<p>&#8212;<\/p>\n<p>sport<\/p>\n<p>webinfo@adnkronos.com (Web Info)<\/p>\n<div style=\"display:flex; gap:10px;justify-content:center\" class=\"wps-pgfw-pdf-generate-icon__wrapper-frontend\">\n\t\t<a  href=\"https:\/\/ciaoup.it?action=genpdf&amp;id=61041\" class=\"pgfw-single-pdf-download-button\" ><img src=\"https:\/\/ciaoup.it\/wp-content\/plugins\/pdf-generator-for-wp\/admin\/src\/images\/PDF_Tray.svg\" title=\"Generate PDF\" style=\"width:auto; height:45px;\"><\/a>\n\t\t<\/div>","protected":false},"excerpt":{"rendered":"<p>(Adnkronos) &#8211; Allarme missili in Qatar durante&#8230; la Champions League. Oggi, marted\u00ec 10 marzo, negli&hellip;<\/p>\n","protected":false},"author":3,"featured_media":61042,"comment_status":"open","ping_status":"closed","sticky":false,"template":"","format":"standard","meta":{"footnotes":""},"categories":[12],"tags":[3],"class_list":["post-61041","post","type-post","status-publish","format-standard","has-post-thumbnail","hentry","category-comunicati","tag-ultimora"],"_links":{"self":[{"href":"https:\/\/ciaoup.it\/index.php?rest_route=\/wp\/v2\/posts\/61041","targetHints":{"allow":["GET"]}}],"collection":[{"href":"https:\/\/ciaoup.it\/index.php?rest_route=\/wp\/v2\/posts"}],"about":[{"href":"https:\/\/ciaoup.it\/index.php?rest_route=\/wp\/v2\/types\/post"}],"author":[{"embeddable":true,"href":"https:\/\/ciaoup.it\/index.php?rest_route=\/wp\/v2\/users\/3"}],"replies":[{"embeddable":true,"href":"https:\/\/ciaoup.it\/index.php?rest_route=%2Fwp%2Fv2%2Fcomments&post=61041"}],"version-history":[{"count":1,"href":"https:\/\/ciaoup.it\/index.php?rest_route=\/wp\/v2\/posts\/61041\/revisions"}],"predecessor-version":[{"id":61046,"href":"https:\/\/ciaoup.it\/index.php?rest_route=\/wp\/v2\/posts\/61041\/revisions\/61046"}],"wp:featuredmedia":[{"embeddable":true,"href":"https:\/\/ciaoup.it\/index.php?rest_route=\/wp\/v2\/media\/61042"}],"wp:attachment":[{"href":"https:\/\/ciaoup.it\/index.php?rest_route=%2Fwp%2Fv2%2Fmedia&parent=61041"}],"wp:term":[{"taxonomy":"category","embeddable":true,"href":"https:\/\/ciaoup.it\/index.php?rest_route=%2Fwp%2Fv2%2Fcategories&post=61041"},{"taxonomy":"post_tag","embeddable":true,"href":"https:\/\/ciaoup.it\/index.php?rest_route=%2Fwp%2Fv2%2Ftags&post=61041"}],"curies":[{"name":"wp","href":"https:\/\/api.w.org\/{rel}","templated":true}]}}