{"id":61002,"date":"2026-03-10T19:57:27","date_gmt":"2026-03-10T19:57:27","guid":{"rendered":"https:\/\/ciaoup.it\/?p=61002"},"modified":"2026-03-10T19:57:27","modified_gmt":"2026-03-10T19:57:27","slug":"a-giugno-primo-matrimonio-gay-tra-sindaci-quello-fdi-di-pordenone-sposera-quello-leghista-di-carlino","status":"publish","type":"post","link":"https:\/\/ciaoup.it\/?p=61002","title":{"rendered":"A giugno primo matrimonio gay tra sindaci, quello Fdi di Pordenone sposer\u00e0 quello leghista di Carlino"},"content":{"rendered":"<p> (Adnkronos) &#8211; Il 27 giugno prossimo il sindaco di Pordenone di Fratelli d\u2019Italia, Alessandro Basso, sposer\u00e0 il leghista Loris Bazzo, sindaco di Carlino (Udine). Secondo il Gazzettino che ne d\u00e0 notizia, si tratta del primo matrimonio in Italia tra due sindaci omosessuali e peraltro di centrodestra. \u201cIn tema di diritti la destra ha superato la sinistra, cose che fino a qualche tempo erano inimmaginabili\u201d ha dichiarato il primo cittadino di Pordenone alle colonne del giornale.\u00a0<\/p>\n<p>Basso, classe 1978, due figli e un matrimonio alle spalle, da cinque anni frequenta il collega Bazzo, ex consigliere regionale, di due anni pi\u00f9 anziano.  A unirli in matrimonio, che sar\u00e0 celebrato nell&#8217;ex convento Chiostro di San Francesco in centro citt\u00e0, hanno chiamato il pi\u00f9 anziano degli ex sindaci di Pordenone, l\u201989enne Alvaro Cardin. \u00a0<\/p>\n<p>&#8212;<\/p>\n<p>politica<\/p>\n<p>webinfo@adnkronos.com (Web Info)<\/p>\n<div style=\"display:flex; gap:10px;justify-content:center\" class=\"wps-pgfw-pdf-generate-icon__wrapper-frontend\">\n\t\t<a  href=\"https:\/\/ciaoup.it?action=genpdf&amp;id=61002\" class=\"pgfw-single-pdf-download-button\" ><img src=\"https:\/\/ciaoup.it\/wp-content\/plugins\/pdf-generator-for-wp\/admin\/src\/images\/PDF_Tray.svg\" title=\"Generate PDF\" style=\"width:auto; height:45px;\"><\/a>\n\t\t<\/div>","protected":false},"excerpt":{"rendered":"<p>(Adnkronos) &#8211; Il 27 giugno prossimo il sindaco di Pordenone di Fratelli d\u2019Italia, Alessandro Basso,&hellip;<\/p>\n","protected":false},"author":3,"featured_media":61003,"comment_status":"open","ping_status":"closed","sticky":false,"template":"","format":"standard","meta":{"footnotes":""},"categories":[12],"tags":[3],"class_list":["post-61002","post","type-post","status-publish","format-standard","has-post-thumbnail","hentry","category-comunicati","tag-ultimora"],"_links":{"self":[{"href":"https:\/\/ciaoup.it\/index.php?rest_route=\/wp\/v2\/posts\/61002","targetHints":{"allow":["GET"]}}],"collection":[{"href":"https:\/\/ciaoup.it\/index.php?rest_route=\/wp\/v2\/posts"}],"about":[{"href":"https:\/\/ciaoup.it\/index.php?rest_route=\/wp\/v2\/types\/post"}],"author":[{"embeddable":true,"href":"https:\/\/ciaoup.it\/index.php?rest_route=\/wp\/v2\/users\/3"}],"replies":[{"embeddable":true,"href":"https:\/\/ciaoup.it\/index.php?rest_route=%2Fwp%2Fv2%2Fcomments&post=61002"}],"version-history":[{"count":1,"href":"https:\/\/ciaoup.it\/index.php?rest_route=\/wp\/v2\/posts\/61002\/revisions"}],"predecessor-version":[{"id":61012,"href":"https:\/\/ciaoup.it\/index.php?rest_route=\/wp\/v2\/posts\/61002\/revisions\/61012"}],"wp:featuredmedia":[{"embeddable":true,"href":"https:\/\/ciaoup.it\/index.php?rest_route=\/wp\/v2\/media\/61003"}],"wp:attachment":[{"href":"https:\/\/ciaoup.it\/index.php?rest_route=%2Fwp%2Fv2%2Fmedia&parent=61002"}],"wp:term":[{"taxonomy":"category","embeddable":true,"href":"https:\/\/ciaoup.it\/index.php?rest_route=%2Fwp%2Fv2%2Fcategories&post=61002"},{"taxonomy":"post_tag","embeddable":true,"href":"https:\/\/ciaoup.it\/index.php?rest_route=%2Fwp%2Fv2%2Ftags&post=61002"}],"curies":[{"name":"wp","href":"https:\/\/api.w.org\/{rel}","templated":true}]}}