{"id":60984,"date":"2026-03-10T18:31:37","date_gmt":"2026-03-10T18:31:37","guid":{"rendered":"https:\/\/ciaoup.it\/?p=60984"},"modified":"2026-03-10T18:31:37","modified_gmt":"2026-03-10T18:31:37","slug":"mostre-a-palazzo-madama-la-fondazione-bracco-racconta-leccellenza-delle-scienziate-italiane","status":"publish","type":"post","link":"https:\/\/ciaoup.it\/?p=60984","title":{"rendered":"Mostre, a Palazzo Madama la Fondazione Bracco racconta l\u2019eccellenza delle scienziate italiane"},"content":{"rendered":"<p> (Adnkronos) &#8211; In occasione della Giornata Internazionale della Donna, \u00e8 stata inaugurata al Senato la mostra fotografica \u201cUna vita da scienziata \u2013 I volti del progetto #100esperte\u201d di Fondazione Bracco. Lo \u201csvelamento\u201d ufficiale \u00e8 avvenuto alla presenza del Presidente del Senato Ignazio La Russa e della deputata Marta Schifone, tra le promotrici dell\u2019iniziativa. \u00a0<\/p>\n<p>\u201cLa disparit\u00e0 di genere in ambito scientifico nasce gi\u00e0 tra i banchi di scuola, dove le ragazze scelgono altre carriere, che offrono meno opportunit\u00e0 nel mercato del lavoro\u201d, ha affermato Diana Bracco, Presidente di Fondazione Bracco, in un messaggio letto da Gaela Bernini, Segretario Generale della Fondazione. \u201cGli ultimi dati sono allarmanti: \u00e8 dunque fondamentale superare stereotipi e pregiudizi e incoraggiare le studentesse a scegliere dei percorsi formativi nelle lauree Stem, per garantire la costruzione di una societ\u00e0 pi\u00f9 competitiva e realmente paritaria. Da qui nasce l\u2019intervento pluriennale di Fondazione Bracco: l\u2019anno scorso la nostra mostra ha avuto l\u2019onore di essere esposta presso la Camera dei deputati, e oggi siamo particolarmente orgogliosi che sia approdata nel prestigioso Corridoio dei Busti di Palazzo Madama. Un bellissimo traguardo, oltre che una testimonianza tangibile della sensibilit\u00e0 delle massime istituzioni su questo tema. Di questo ringrazio il Presidente Ignazio La Russa e l\u2019On. Marta Schifone, promotrice del progetto. L\u2019auspicio \u00e8 ispirare i tanti turisti e in particolare le scolaresche in visita al Senato della Repubblica.\u201d\u00a0<\/p>\n<p>La mostra fa parte di \u201c100 donne contro gli stereotipi\u201d, un progetto avviato nel 2016 con l\u2019obiettivo di combattere discriminazioni e stereotipi e dare voce alle donne in settori strategici quali la scienza, l\u2019economia, la politica internazionale e le istituzioni culturali. Inaugurata sette anni fa, la galleria fotografica \u00e8 stata portata in numerose sedi italiane e internazionali, da Washington a Praga, da New York a Citt\u00e0 del Messico, da Israele al Brasile.  Questo progetto si inserisce in un pi\u00f9 ampio palinsesto di iniziative portate avanti da Fondazione Bracco per una sorta di \u201c8 marzo diffuso\u201d.\u00a0<\/p>\n<p>\u00a0<\/p>\n<p>Al Museo del Mare di Trieste \u00e8 stata inaugurata la mostra itinerante \u201cMind the Stem Gap &#8211; Together\u201d: nata in collaborazione con Politecnico di Milano e Fondazione Politecnico di Milano e sostenuta da Regione Lombardia, l\u2019esposizione \u00e8 stata realizzata da 150 studentesse e studenti che hanno interpretato \u201cMind the Stem Gap\u201d, il Manifesto con cui Fondazione Bracco sostiene l\u2019accesso femminile alle discipline Stem. La galleria di manifesti \u00e8 eclettica, colorata e provocatoria e propone interpretazioni originali, mettendo in luce discriminazioni e ricadute nella societ\u00e0, ricordando ai visitatori che fare il \u201csalto\u201d (attenzione al gap!) verso una societ\u00e0 equa \u00e8 una responsabilit\u00e0 comune. Dal 5 marzo al 15 marzo, parallelamente a Palazzo Madama, una sezione pi\u00f9 ridotta di \u201cUna vita da scienziata\u201d \u00e8 ospitata anche presso lo spazio culturale Ex Casermette a Olbia. L\u2019obiettivo, condiviso da Fondazione Bracco e Gi.U.Li.A Giornaliste Sardegna, \u00e8 di valorizzare il ruolo della donna nella societ\u00e0 e nella storia.\u00a0<\/p>\n<p>Infine, a livello pi\u00f9 istituzionale, il Gruppo Bracco \u00e8 entrato a fare parte dei firmatari dei Women\u2019s Empowerment Principles (WEPs) di UN Women e United Nations Global Compact, il principale framework internazionale in materia di parit\u00e0 di genere. \u201cSiamo felici di far parte ufficialmente del network WEPs delle Nazioni Unite\u201d, ha commentato Diana Bracco. \u201cPer me che sono stata B20 Ambassador for Women Empowerment al G7 e che mi sono sempre battuta per la parit\u00e0 di genere \u00e8 un passaggio naturale. In Bracco da quasi un secolo promuoviamo attivamente il women empowerment attraverso una cultura aziendale inclusiva che valorizza il talento delle donne in tutti i settori. Oggi la presenza femminile \u00e8 significativa all&#8217;interno dell\u2019azienda, dove le donne rappresentano circa la met\u00e0 di tutti i dipendenti, con oltre il 40% in ruoli manageriali e il 54% in posizioni di ricerca e sviluppo\u201d.\u00a0<\/p>\n<p>&#8212;<\/p>\n<p>cultura<\/p>\n<p>webinfo@adnkronos.com (Web Info)<\/p>\n<div style=\"display:flex; gap:10px;justify-content:center\" class=\"wps-pgfw-pdf-generate-icon__wrapper-frontend\">\n\t\t<a  href=\"https:\/\/ciaoup.it?action=genpdf&amp;id=60984\" class=\"pgfw-single-pdf-download-button\" ><img src=\"https:\/\/ciaoup.it\/wp-content\/plugins\/pdf-generator-for-wp\/admin\/src\/images\/PDF_Tray.svg\" title=\"Generate PDF\" style=\"width:auto; height:45px;\"><\/a>\n\t\t<\/div>","protected":false},"excerpt":{"rendered":"<p>(Adnkronos) &#8211; In occasione della Giornata Internazionale della Donna, \u00e8 stata inaugurata al Senato la&hellip;<\/p>\n","protected":false},"author":3,"featured_media":60985,"comment_status":"open","ping_status":"closed","sticky":false,"template":"","format":"standard","meta":{"footnotes":""},"categories":[12],"tags":[3],"class_list":["post-60984","post","type-post","status-publish","format-standard","has-post-thumbnail","hentry","category-comunicati","tag-ultimora"],"_links":{"self":[{"href":"https:\/\/ciaoup.it\/index.php?rest_route=\/wp\/v2\/posts\/60984","targetHints":{"allow":["GET"]}}],"collection":[{"href":"https:\/\/ciaoup.it\/index.php?rest_route=\/wp\/v2\/posts"}],"about":[{"href":"https:\/\/ciaoup.it\/index.php?rest_route=\/wp\/v2\/types\/post"}],"author":[{"embeddable":true,"href":"https:\/\/ciaoup.it\/index.php?rest_route=\/wp\/v2\/users\/3"}],"replies":[{"embeddable":true,"href":"https:\/\/ciaoup.it\/index.php?rest_route=%2Fwp%2Fv2%2Fcomments&post=60984"}],"version-history":[{"count":1,"href":"https:\/\/ciaoup.it\/index.php?rest_route=\/wp\/v2\/posts\/60984\/revisions"}],"predecessor-version":[{"id":60989,"href":"https:\/\/ciaoup.it\/index.php?rest_route=\/wp\/v2\/posts\/60984\/revisions\/60989"}],"wp:featuredmedia":[{"embeddable":true,"href":"https:\/\/ciaoup.it\/index.php?rest_route=\/wp\/v2\/media\/60985"}],"wp:attachment":[{"href":"https:\/\/ciaoup.it\/index.php?rest_route=%2Fwp%2Fv2%2Fmedia&parent=60984"}],"wp:term":[{"taxonomy":"category","embeddable":true,"href":"https:\/\/ciaoup.it\/index.php?rest_route=%2Fwp%2Fv2%2Fcategories&post=60984"},{"taxonomy":"post_tag","embeddable":true,"href":"https:\/\/ciaoup.it\/index.php?rest_route=%2Fwp%2Fv2%2Ftags&post=60984"}],"curies":[{"name":"wp","href":"https:\/\/api.w.org\/{rel}","templated":true}]}}