{"id":60959,"date":"2026-03-10T17:36:39","date_gmt":"2026-03-10T17:36:39","guid":{"rendered":"https:\/\/ciaoup.it\/?p=60959"},"modified":"2026-03-10T17:36:39","modified_gmt":"2026-03-10T17:36:39","slug":"imprese-patto-lombardia-veneto-per-rafforzare-il-sistema-produttivo-nord-e-competitivita-ue","status":"publish","type":"post","link":"https:\/\/ciaoup.it\/?p=60959","title":{"rendered":"Imprese, patto Lombardia-Veneto per rafforzare il sistema produttivo Nord e competitivit\u00e0 Ue"},"content":{"rendered":"<p> (Adnkronos) &#8211; \u00a0\u00a0<\/p>\n<p>Regione Lombardia e Regione Veneto annunciano la definizione di una strategia comune di collaborazione istituzionale-politico finalizzata a rafforzare il supporto ai rispettivi sistemi economici e produttivi, promuovendo iniziative condivise per sostenere la competitivit\u00e0 delle imprese e consolidare il ruolo dei territori del Nord come principale motore economico del Paese e uno dei pi\u00f9 rilevanti poli industriali d\u2019Europa. L\u2019accordo nasce dalla consapevolezza che Lombardia e Veneto rappresentano due dei sistemi economici pi\u00f9 dinamici del panorama nazionale e continentale, caratterizzati da un tessuto imprenditoriale diffuso, da filiere produttive altamente specializzate e da una forte vocazione all\u2019export. In questo contesto, rafforzare la collaborazione tra le due Regioni significa valorizzare complementarit\u00e0 industriali e creare nuove opportunit\u00e0 di sviluppo per imprese, lavoratori e territori.\u00a0<\/p>\n<p>Il patto prevede una serie di iniziative concrete volte a sostenere la crescita economica e a facilitare l\u2019accesso agli strumenti finanziari per le imprese. \u201cFacciamo squadra \u2013 ha spiegato l\u2019assessore allo Sviluppo Economico di Regione Lombardia, Guido Guidesi &#8211; per aiutare le nostre imprese ad essere competitive, in un contesto molto complicato; \u00e8 molto importante che i territori maggiormente produttivi e molto influenti sul PIL nazionale collaborino e siano propositivi al fine di fare sentire la voce e le esigenze del ecosistema lombardo-veneto e di tutto il Nord\u201d.\u00a0<\/p>\n<p>\u00a0\u00a0<\/p>\n<p> \u201cCon questo accordo \u2013 aggiunge l\u2019assessore Massimo Bitonci &#8211; rafforziamo concretamente la collaborazione tra le due grandi regioni del Nord, cuore manifatturiero e uno dei principali motori economici d\u2019Europa. Veneto e Lombardia condividono un modello di sviluppo fondato su distretti industriali, pmi, innovazione diffusa e una forte vocazione all\u2019export. Mettere in rete le nostre politiche industriali significa creare nuove opportunit\u00e0 per le aziende, favorire l\u2019integrazione tra filiere complementari e rendere pi\u00f9 efficaci gli strumenti di sostegno agli investimenti. Ma non solo: le imprese lombardo-venete chiedono meno burocrazia, accesso pi\u00f9 semplice al credito, strumenti finanziari adeguati per sostenere innovazione, digitalizzazione e transizione energetica. Da oggi Veneto e Lombardia parleranno ad una sola voce, mettendo a sistema competenze, risorse e strumenti operativi per accompagnare le nostre imprese\u201d.\u00a0<\/p>\n<p>\u00a0<\/p>\n<p>\u00a0\u00a0<\/p>\n<p>Tra le principali direttrici di intervento figura lo sviluppo delle filiere produttive complementari: le Regione Lombardia e Regione Veneto avvieranno programmi congiunti per rafforzare le filiere industriali strategiche, promuovendo l\u2019integrazione tra \u2018distretti produttivi\u2019 e \u2018siti tecnologici\u2019 presenti nei due territori. L\u2019obiettivo \u00e8 favorire sinergie tra comparti complementari cos\u00ec da rafforzare la capacit\u00e0 competitiva delle imprese sui mercati internazionali. Inoltre, \u00e8 previsto il supporto al credito e strumenti finanziari condivisi. Nel dettaglio, le due Regioni lavoreranno alla costruzione di strumenti coordinati di supporto al credito, facilitando l\u2019accesso delle imprese \u2013 in particolare pmi \u2013 a finanziamenti per investimenti in innovazione, digitalizzazione e transizione energetica. In questa prospettiva verr\u00e0 rafforzata la collaborazione tra le finanziarie regionali, con l\u2019obiettivo di sviluppare meccanismi congiunti di garanzia, co-investimento e sostegno agli investimenti produttivi.\u00a0<\/p>\n<p>\u00a0\u00a0<\/p>\n<p>Prevista anche la collaborazione tra finanziarie regionali: la cooperazione tra gli strumenti finanziari regionali rappresenter\u00e0 uno degli assi portanti dell\u2019intesa. Attraverso un coordinamento pi\u00f9 strutturato tra le societ\u00e0 finanziarie delle due Regioni, sar\u00e0 possibile attivare iniziative comuni a supporto della crescita delle imprese, facilitando l\u2019accesso al capitale e favorendo progetti di sviluppo interregionali. Quanto al rafforzamento della presenza e del peso in Europa, l\u2019intesa mira, inoltre, a consolidare la capacit\u00e0 delle due Regioni di rappresentare e promuovere gli interessi dei propri sistemi produttivi a livello europeo, si pensi ad esempio ai settori strategici della siderurgia e quello della microelettronica. Lombardia e Veneto intendono rafforzare il coordinamento nelle sedi europee per sostenere politiche industriali, programmi di investimento e strumenti finanziari che valorizzino il ruolo dei territori pi\u00f9 produttivi d\u2019Europa.\u00a0<\/p>\n<p>\u00a0\u00a0<\/p>\n<p>Tra gli obiettivi strategici dell\u2019accordo vi \u00e8 la costruzione di uno strumento condiviso dedicato al rafforzamento della competitivit\u00e0 delle imprese lombarde e venete. Un\u2019iniziativa che potr\u00e0 integrare competenze, risorse e strumenti finanziari delle due amministrazioni per accompagnare le aziende nei percorsi di crescita, innovazione e internazionalizzazione. Alla base della collaborazione vi \u00e8 la convinzione che, in una fase di grandi trasformazioni economiche e geopolitiche, fare sistema tra territori rappresenti una leva decisiva per lo sviluppo. Lombardia e Veneto vogliono dunque rimettere al centro il ruolo delle Regioni come protagoniste delle politiche di crescita e innovazione. L\u2019asse del Nord, storicamente motore della produzione e dell\u2019export del Paese, pu\u00f2 cos\u00ec rafforzarsi ulteriormente attraverso una strategia condivisa che valorizzi competenze, filiere e capitale imprenditoriale, contribuendo a consolidare la competitivit\u00e0 dell\u2019intero sistema Paese. Il patto tra Regione Lombardia e Regione Veneto rappresenta quindi un passo concreto verso una nuova stagione di collaborazione interregionale, fondata su una visione comune di sviluppo economico, innovazione e centralit\u00e0 dei territori.\u00a0<\/p>\n<p>&#8212;<\/p>\n<p>economia<\/p>\n<p>webinfo@adnkronos.com (Web Info)<\/p>\n<div style=\"display:flex; gap:10px;justify-content:center\" class=\"wps-pgfw-pdf-generate-icon__wrapper-frontend\">\n\t\t<a  href=\"https:\/\/ciaoup.it?action=genpdf&amp;id=60959\" class=\"pgfw-single-pdf-download-button\" ><img src=\"https:\/\/ciaoup.it\/wp-content\/plugins\/pdf-generator-for-wp\/admin\/src\/images\/PDF_Tray.svg\" title=\"Generate PDF\" style=\"width:auto; height:45px;\"><\/a>\n\t\t<\/div>","protected":false},"excerpt":{"rendered":"<p>(Adnkronos) &#8211; \u00a0\u00a0 Regione Lombardia e Regione Veneto annunciano la definizione di una strategia comune&hellip;<\/p>\n","protected":false},"author":3,"featured_media":60960,"comment_status":"open","ping_status":"closed","sticky":false,"template":"","format":"standard","meta":{"footnotes":""},"categories":[12],"tags":[3],"class_list":["post-60959","post","type-post","status-publish","format-standard","has-post-thumbnail","hentry","category-comunicati","tag-ultimora"],"_links":{"self":[{"href":"https:\/\/ciaoup.it\/index.php?rest_route=\/wp\/v2\/posts\/60959","targetHints":{"allow":["GET"]}}],"collection":[{"href":"https:\/\/ciaoup.it\/index.php?rest_route=\/wp\/v2\/posts"}],"about":[{"href":"https:\/\/ciaoup.it\/index.php?rest_route=\/wp\/v2\/types\/post"}],"author":[{"embeddable":true,"href":"https:\/\/ciaoup.it\/index.php?rest_route=\/wp\/v2\/users\/3"}],"replies":[{"embeddable":true,"href":"https:\/\/ciaoup.it\/index.php?rest_route=%2Fwp%2Fv2%2Fcomments&post=60959"}],"version-history":[{"count":1,"href":"https:\/\/ciaoup.it\/index.php?rest_route=\/wp\/v2\/posts\/60959\/revisions"}],"predecessor-version":[{"id":60975,"href":"https:\/\/ciaoup.it\/index.php?rest_route=\/wp\/v2\/posts\/60959\/revisions\/60975"}],"wp:featuredmedia":[{"embeddable":true,"href":"https:\/\/ciaoup.it\/index.php?rest_route=\/wp\/v2\/media\/60960"}],"wp:attachment":[{"href":"https:\/\/ciaoup.it\/index.php?rest_route=%2Fwp%2Fv2%2Fmedia&parent=60959"}],"wp:term":[{"taxonomy":"category","embeddable":true,"href":"https:\/\/ciaoup.it\/index.php?rest_route=%2Fwp%2Fv2%2Fcategories&post=60959"},{"taxonomy":"post_tag","embeddable":true,"href":"https:\/\/ciaoup.it\/index.php?rest_route=%2Fwp%2Fv2%2Ftags&post=60959"}],"curies":[{"name":"wp","href":"https:\/\/api.w.org\/{rel}","templated":true}]}}