{"id":60933,"date":"2026-03-10T17:04:43","date_gmt":"2026-03-10T17:04:43","guid":{"rendered":"https:\/\/ciaoup.it\/?p=60933"},"modified":"2026-03-10T17:04:43","modified_gmt":"2026-03-10T17:04:43","slug":"giovani-manzi-serve-alleanza-politico-istituzionale-per-sostenerli","status":"publish","type":"post","link":"https:\/\/ciaoup.it\/?p=60933","title":{"rendered":"Giovani, Manzi: &#8220;Serve alleanza politico-istituzionale per sostenerli&#8221;"},"content":{"rendered":"<p> (Adnkronos) &#8211; &#8220;Io credo che sia necessario dare una struttura pi\u00f9 stabile e trasversale a quegli strumenti che spesso vengono realizzati grazie al contributo degli enti del Terzo settore e delle Fondazioni, che in questo ambito svolgono un ruolo particolarmente importante a sostegno dei giovani. In questo modo si potrebbero anche superare le disparit\u00e0 territoriali, perch\u00e9 non tutti i territori riescono a stabilizzare questo tipo di progettualit\u00e0. Per questo ritengo che un\u2019alleanza politico-istituzionale sia fondamentale per il futuro dei giovani\u201d. Cos\u00ec la deputata Irene Manzi, componente della Commissione Cultura della Camera, intervenendo alla presentazione della ricerca sul disagio giovanile promossa da Fondazione Unhate.\u00a0<\/p>\n<p>&#8212;<\/p>\n<p>economia<\/p>\n<p>webinfo@adnkronos.com (Web Info)<\/p>\n<div style=\"display:flex; gap:10px;justify-content:center\" class=\"wps-pgfw-pdf-generate-icon__wrapper-frontend\">\n\t\t<a  href=\"https:\/\/ciaoup.it?action=genpdf&amp;id=60933\" class=\"pgfw-single-pdf-download-button\" ><img src=\"https:\/\/ciaoup.it\/wp-content\/plugins\/pdf-generator-for-wp\/admin\/src\/images\/PDF_Tray.svg\" title=\"Generate PDF\" style=\"width:auto; height:45px;\"><\/a>\n\t\t<\/div>","protected":false},"excerpt":{"rendered":"<p>(Adnkronos) &#8211; &#8220;Io credo che sia necessario dare una struttura pi\u00f9 stabile e trasversale a&hellip;<\/p>\n","protected":false},"author":3,"featured_media":60934,"comment_status":"open","ping_status":"closed","sticky":false,"template":"","format":"standard","meta":{"footnotes":""},"categories":[12],"tags":[3],"class_list":["post-60933","post","type-post","status-publish","format-standard","has-post-thumbnail","hentry","category-comunicati","tag-ultimora"],"_links":{"self":[{"href":"https:\/\/ciaoup.it\/index.php?rest_route=\/wp\/v2\/posts\/60933","targetHints":{"allow":["GET"]}}],"collection":[{"href":"https:\/\/ciaoup.it\/index.php?rest_route=\/wp\/v2\/posts"}],"about":[{"href":"https:\/\/ciaoup.it\/index.php?rest_route=\/wp\/v2\/types\/post"}],"author":[{"embeddable":true,"href":"https:\/\/ciaoup.it\/index.php?rest_route=\/wp\/v2\/users\/3"}],"replies":[{"embeddable":true,"href":"https:\/\/ciaoup.it\/index.php?rest_route=%2Fwp%2Fv2%2Fcomments&post=60933"}],"version-history":[{"count":1,"href":"https:\/\/ciaoup.it\/index.php?rest_route=\/wp\/v2\/posts\/60933\/revisions"}],"predecessor-version":[{"id":60963,"href":"https:\/\/ciaoup.it\/index.php?rest_route=\/wp\/v2\/posts\/60933\/revisions\/60963"}],"wp:featuredmedia":[{"embeddable":true,"href":"https:\/\/ciaoup.it\/index.php?rest_route=\/wp\/v2\/media\/60934"}],"wp:attachment":[{"href":"https:\/\/ciaoup.it\/index.php?rest_route=%2Fwp%2Fv2%2Fmedia&parent=60933"}],"wp:term":[{"taxonomy":"category","embeddable":true,"href":"https:\/\/ciaoup.it\/index.php?rest_route=%2Fwp%2Fv2%2Fcategories&post=60933"},{"taxonomy":"post_tag","embeddable":true,"href":"https:\/\/ciaoup.it\/index.php?rest_route=%2Fwp%2Fv2%2Ftags&post=60933"}],"curies":[{"name":"wp","href":"https:\/\/api.w.org\/{rel}","templated":true}]}}