{"id":60910,"date":"2026-03-10T16:58:06","date_gmt":"2026-03-10T16:58:06","guid":{"rendered":"https:\/\/ciaoup.it\/?p=60910"},"modified":"2026-03-10T16:58:06","modified_gmt":"2026-03-10T16:58:06","slug":"ue-fitto-logistica-e-trasporti-strategici-per-competitivita","status":"publish","type":"post","link":"https:\/\/ciaoup.it\/?p=60910","title":{"rendered":"Ue, Fitto: &#8220;Logistica e trasporti strategici per competitivit\u00e0&#8221;"},"content":{"rendered":"<p> (Adnkronos) &#8211; La logistica e i trasporti &#8220;rappresentano oggi uno snodo strategico per la competitivit\u00e0 dell\u2019economia europea&#8221;. Lo sottolinea il vicepresidente della Commissione Europea Raffaele Fitto, intervenendo in videocollegamento per la cerimonia inaugurale della LetExpo, la fiera dei trasporti e della logistica, che apre oggi a Verona. &#8220;In un contesto internazionale caratterizzato da trasformazioni profonde &#8211; continua Fitto &#8211; dalla riorganizzazione delle catene del valore e dalla crescente attenzione alla sostenibilit\u00e0, il rafforzamento delle infrastrutture e l\u2019efficienza dei sistemi logistici assumono un ruolo sempre pi\u00f9 centrale. Ci\u00f2 diventa ancora pi\u00f9 chiaro e rilevante in momenti come questo, di grande tensione geopolitica&#8221;.\u00a0<\/p>\n<p>L\u2019Europa, prosegue Fitto, &#8220;\u00e8 chiamata ad affrontare queste sfide promuovendo innovazione, intermodalit\u00e0 e transizione ecologica, rafforzando allo stesso tempo la coesione tra i territori e la resilienza delle nostre economie. In questo percorso, il contributo delle imprese, degli operatori del settore e delle realt\u00e0 associative \u00e8 fondamentale. Iniziative come LetExpo rappresentano un\u2019importante occasione di confronto tra istituzioni, mondo produttivo e sistema della logistica, favorendo il dialogo e la condivisione di esperienze e buone pratiche&#8221;, conclude.\u00a0<\/p>\n<p>&#8212;<\/p>\n<p>economia<\/p>\n<p>webinfo@adnkronos.com (Web Info)<\/p>\n<div style=\"display:flex; gap:10px;justify-content:center\" class=\"wps-pgfw-pdf-generate-icon__wrapper-frontend\">\n\t\t<a  href=\"https:\/\/ciaoup.it?action=genpdf&amp;id=60910\" class=\"pgfw-single-pdf-download-button\" ><img src=\"https:\/\/ciaoup.it\/wp-content\/plugins\/pdf-generator-for-wp\/admin\/src\/images\/PDF_Tray.svg\" title=\"Generate PDF\" style=\"width:auto; height:45px;\"><\/a>\n\t\t<\/div>","protected":false},"excerpt":{"rendered":"<p>(Adnkronos) &#8211; La logistica e i trasporti &#8220;rappresentano oggi uno snodo strategico per la competitivit\u00e0&hellip;<\/p>\n","protected":false},"author":3,"featured_media":60911,"comment_status":"open","ping_status":"closed","sticky":false,"template":"","format":"standard","meta":{"footnotes":""},"categories":[12],"tags":[3],"class_list":["post-60910","post","type-post","status-publish","format-standard","has-post-thumbnail","hentry","category-comunicati","tag-ultimora"],"_links":{"self":[{"href":"https:\/\/ciaoup.it\/index.php?rest_route=\/wp\/v2\/posts\/60910","targetHints":{"allow":["GET"]}}],"collection":[{"href":"https:\/\/ciaoup.it\/index.php?rest_route=\/wp\/v2\/posts"}],"about":[{"href":"https:\/\/ciaoup.it\/index.php?rest_route=\/wp\/v2\/types\/post"}],"author":[{"embeddable":true,"href":"https:\/\/ciaoup.it\/index.php?rest_route=\/wp\/v2\/users\/3"}],"replies":[{"embeddable":true,"href":"https:\/\/ciaoup.it\/index.php?rest_route=%2Fwp%2Fv2%2Fcomments&post=60910"}],"version-history":[{"count":1,"href":"https:\/\/ciaoup.it\/index.php?rest_route=\/wp\/v2\/posts\/60910\/revisions"}],"predecessor-version":[{"id":60945,"href":"https:\/\/ciaoup.it\/index.php?rest_route=\/wp\/v2\/posts\/60910\/revisions\/60945"}],"wp:featuredmedia":[{"embeddable":true,"href":"https:\/\/ciaoup.it\/index.php?rest_route=\/wp\/v2\/media\/60911"}],"wp:attachment":[{"href":"https:\/\/ciaoup.it\/index.php?rest_route=%2Fwp%2Fv2%2Fmedia&parent=60910"}],"wp:term":[{"taxonomy":"category","embeddable":true,"href":"https:\/\/ciaoup.it\/index.php?rest_route=%2Fwp%2Fv2%2Fcategories&post=60910"},{"taxonomy":"post_tag","embeddable":true,"href":"https:\/\/ciaoup.it\/index.php?rest_route=%2Fwp%2Fv2%2Ftags&post=60910"}],"curies":[{"name":"wp","href":"https:\/\/api.w.org\/{rel}","templated":true}]}}