{"id":60897,"date":"2026-03-10T16:23:00","date_gmt":"2026-03-10T16:23:00","guid":{"rendered":"https:\/\/ciaoup.it\/?p=60897"},"modified":"2026-03-10T16:23:00","modified_gmt":"2026-03-10T16:23:00","slug":"steatosi-epatica-conforti-epac-diagnosi-precoce-cura-specifica-e-follow-up","status":"publish","type":"post","link":"https:\/\/ciaoup.it\/?p=60897","title":{"rendered":"Steatosi epatica, Conforti (EpaC): &#8220;Diagnosi precoce, cura specifica e follow-up&#8221;"},"content":{"rendered":"<p> (Adnkronos) &#8211; &#8220;E&#8217; fondamentale creare dei percorsi&#8221; di sensibilizzazione &#8220;condivisi con tutti gli stakeholder del sistema salute &#8211; istituzioni, societ\u00e0 scientifiche e associazioni di pazienti &#8211; affinch\u00e9 chi \u00e8 affetto&#8221; da steatosi epatica &#8220;possa contare, oltre che su una diagnosi precoce, su una corretta presa in carico, un follow-up costante e una cura specifica per il proprio problema di salute. Un altro aspetto cruciale \u00e8 l&#8217;istituzione di un codice di esenzione o di un sub-codice identificativo per questa patologia. Questo passaggio \u00e8 necessario non solo per tutelare i pazienti, ma anche per permettere, in futuro, una quantificazione precisa dei soggetti da curare\u201d. Cos\u00ec Massimiliano Conforti, neo-presidente dell&#8217;Associazione EpaC &#8211; organizzazione italiana di pazienti dedicata all&#8217;informazione, al supporto e alla tutela dei diritti delle persone affette da epatite C e altre malattie del fegato &#8211; partecipando all&#8217;incontro &#8216;Steatosi epatica: una sfida emergente per la sanit\u00e0 pubblica italiana&#8217;, organizzato a Roma su iniziativa della senatrice Ylenia Zambito, segretario della X Commissione.\u00a0<\/p>\n<p>Per un paziente ricevere una diagnosi di steatosi epatica metabolica &#8220;rappresenta un peso enorme &#8211; spiega Conforti &#8211; trattandosi di una malattia asintomatica e silente. Una volta scoperta la patologia, ci si sveglia ogni mattina con un problema da affrontare che coinvolge non solo la sfera personale, ma anche l&#8217;ambiente familiare, il lavoro e il carico di stress quotidiano: fattori che possono influire ulteriormente sullo stato di salute&#8221;. In questo scenario, la prospettiva di avere a disposizione &#8220;future terapie farmacologiche non potr\u00e0 che migliorare l&#8217;aspetto umano, scientifico e personale di chi convive con questa malattia&#8221;.\u00a0<\/p>\n<p>&#8220;Le richieste pi\u00f9 urgenti della nostra associazione &#8211; aggiunge il presidente di EpaC &#8211; riguardano innanzitutto la necessit\u00e0 di avviare attivit\u00e0 di sensibilizzazione su questa patologia emergente. Si tratta di una condizione su cui la popolazione generale e gli stessi pazienti hanno ancora troppe poche informazioni&#8221;. Se non curata, la steatosi epatica pu\u00f2 evolvere in quadri clinici severi ed \u00e8 per questo che la disinformazione pu\u00f2 essere pericolosa. &#8220;Analizzando quotidianamente la nostra community &#8211; conclude Conforti &#8211; notiamo una carenza di consapevolezza che spinge spesso le persone verso l&#8217;autocura, con l&#8217;utilizzo improprio di prodotti fitoterapici o antiossidanti&#8221;.\u00a0<\/p>\n<p>&#8212;<\/p>\n<p>salute<\/p>\n<p>webinfo@adnkronos.com (Web Info)<\/p>\n<div style=\"display:flex; gap:10px;justify-content:center\" class=\"wps-pgfw-pdf-generate-icon__wrapper-frontend\">\n\t\t<a  href=\"https:\/\/ciaoup.it?action=genpdf&amp;id=60897\" class=\"pgfw-single-pdf-download-button\" ><img src=\"https:\/\/ciaoup.it\/wp-content\/plugins\/pdf-generator-for-wp\/admin\/src\/images\/PDF_Tray.svg\" title=\"Generate PDF\" style=\"width:auto; height:45px;\"><\/a>\n\t\t<\/div>","protected":false},"excerpt":{"rendered":"<p>(Adnkronos) &#8211; &#8220;E&#8217; fondamentale creare dei percorsi&#8221; di sensibilizzazione &#8220;condivisi con tutti gli stakeholder del&hellip;<\/p>\n","protected":false},"author":3,"featured_media":60898,"comment_status":"open","ping_status":"closed","sticky":false,"template":"","format":"standard","meta":{"footnotes":""},"categories":[12],"tags":[3],"class_list":["post-60897","post","type-post","status-publish","format-standard","has-post-thumbnail","hentry","category-comunicati","tag-ultimora"],"_links":{"self":[{"href":"https:\/\/ciaoup.it\/index.php?rest_route=\/wp\/v2\/posts\/60897","targetHints":{"allow":["GET"]}}],"collection":[{"href":"https:\/\/ciaoup.it\/index.php?rest_route=\/wp\/v2\/posts"}],"about":[{"href":"https:\/\/ciaoup.it\/index.php?rest_route=\/wp\/v2\/types\/post"}],"author":[{"embeddable":true,"href":"https:\/\/ciaoup.it\/index.php?rest_route=\/wp\/v2\/users\/3"}],"replies":[{"embeddable":true,"href":"https:\/\/ciaoup.it\/index.php?rest_route=%2Fwp%2Fv2%2Fcomments&post=60897"}],"version-history":[{"count":1,"href":"https:\/\/ciaoup.it\/index.php?rest_route=\/wp\/v2\/posts\/60897\/revisions"}],"predecessor-version":[{"id":60922,"href":"https:\/\/ciaoup.it\/index.php?rest_route=\/wp\/v2\/posts\/60897\/revisions\/60922"}],"wp:featuredmedia":[{"embeddable":true,"href":"https:\/\/ciaoup.it\/index.php?rest_route=\/wp\/v2\/media\/60898"}],"wp:attachment":[{"href":"https:\/\/ciaoup.it\/index.php?rest_route=%2Fwp%2Fv2%2Fmedia&parent=60897"}],"wp:term":[{"taxonomy":"category","embeddable":true,"href":"https:\/\/ciaoup.it\/index.php?rest_route=%2Fwp%2Fv2%2Fcategories&post=60897"},{"taxonomy":"post_tag","embeddable":true,"href":"https:\/\/ciaoup.it\/index.php?rest_route=%2Fwp%2Fv2%2Ftags&post=60897"}],"curies":[{"name":"wp","href":"https:\/\/api.w.org\/{rel}","templated":true}]}}