{"id":60875,"date":"2026-03-10T15:10:33","date_gmt":"2026-03-10T15:10:33","guid":{"rendered":"https:\/\/ciaoup.it\/?p=60875"},"modified":"2026-03-10T15:10:33","modified_gmt":"2026-03-10T15:10:33","slug":"torna-earth-hour-il-28-marzo-la-xx-edizione","status":"publish","type":"post","link":"https:\/\/ciaoup.it\/?p=60875","title":{"rendered":"Torna Earth Hour, il 28 marzo la XX edizione"},"content":{"rendered":"<p> (Adnkronos) &#8211;<br \/>\nTorna Earth Hour &#8211; L\u2019Ora della Terra, la pi\u00f9 grande mobilitazione globale per il clima e la natura promossa dal Wwf, quest\u2019anno alla sua ventesima ricorrenza. Sabato 28 marzo alle 20.30 il momento simbolico che unisce persone, citt\u00e0, istituzioni e imprese in ogni parte del mondo in un gesto semplice ma potentissimo: spegnere le luci per un\u2019ora per accendere l\u2019attenzione sulla crisi climatica e il futuro del Pianeta.\u00a0<\/p>\n<p>\nNata a Sydney nel 2007, Earth Hour \u00e8 cresciuta fino a diventare un evento planetario che nel 2025 ha coinvolto quasi 200 Paesi, con lo spegnimento simbolico delle luci di monumenti iconici, strade, piazze ed edifici pubblici e privati. Anche quest\u2019anno l\u2019Italia parteciper\u00e0 con spegnimenti e iniziative locali, confermando l\u2019impegno diffuso della societ\u00e0 civile e delle municipalit\u00e0. \u00a0<\/p>\n<p>A Roma si spegneranno le luci del Colosseo e di Fontana di Trevi, dove si terr\u00e0 l\u2019appuntamento centrale italiano. Si spegneranno a Firenze le luci di Palazzo Vecchio e Torre Arnolfo, parte di Ponte Vecchio, il David a piazzale Michelangelo, Torri e Porte storiche; a Milano la Torre del Filarete del Castello sforzesco, a Venezia Piazza San Marco, a Pescara la Torre Civica, a Lecce Porta San Biagio. A Napoli luci spente per il Maschio Angioino; parteciper\u00e0 anche l\u2019Arcidiocesi che spegner\u00e0 le illuminazioni di alcune chiese particolarmente rappresentative della citt\u00e0, tra cui il Duomo, la Basilica dell\u2019Incoronata \u2013 Madre del Buon Consiglio (Capodimonte) e la Basilica di San Giovanni Maggiore.\u00a0<\/p>\n<p>Nell\u2019anno in cui il Wwf Italia compie 60 anni, l\u2019organizzazione torna a ribadire che &#8220;la lotta alla crisi climatica ha un ruolo fondamentale per la nostra vita e per fronteggiare i rischi che sta correndo la natura, e che ogni gesto che compiamo \u00e8 un contributo enorme alla tutela del clima e della nostra sicurezza, oggi e nel futuro&#8221;. \u00a0<\/p>\n<p>Con questa iniziativa il Wwf Italia chiede a tutti di compiere un gesto per il clima e il Pianeta per 60 minuti: &#8220;Un gesto concreto che, insieme a quello di migliaia di persone nel mondo, dar\u00e0 un contributo importante per un futuro pi\u00f9 sicuro e sostenibile per tutti. Ognuno pu\u00f2 partecipare non solo spegnendo le luci, ma anche dedicando quell\u2019ora ad attivit\u00e0 a beneficio dell\u2019ambiente: iniziative di volontariato, eventi comunitari, momenti educativi o riflessioni personali sui propri comportamenti quotidiani&#8221;.\u00a0<\/p>\n<p>Il Wwf Italia in questa occasione chiede alle municipalit\u00e0 di &#8220;impedire le pubblicit\u00e0 di combustibili fossili negli spazi pubblici, sul modello di quanto fatto in maniera pionieristica dalla citt\u00e0 di Firenze o da alcune capitali europee come Amsterdam. Inoltre, \u00e8 sempre pi\u00f9 urgente l\u2019approvazione di una Legge nazionale sul Clima, fondamentale per avviare una trasformazione profonda e trasversale di tutti i settori&#8221;. \u00a0<\/p>\n<p>&#8212;<\/p>\n<p>economia<\/p>\n<p>webinfo@adnkronos.com (Web Info)<\/p>\n<div style=\"display:flex; gap:10px;justify-content:center\" class=\"wps-pgfw-pdf-generate-icon__wrapper-frontend\">\n\t\t<a  href=\"https:\/\/ciaoup.it?action=genpdf&amp;id=60875\" class=\"pgfw-single-pdf-download-button\" ><img src=\"https:\/\/ciaoup.it\/wp-content\/plugins\/pdf-generator-for-wp\/admin\/src\/images\/PDF_Tray.svg\" title=\"Generate PDF\" style=\"width:auto; height:45px;\"><\/a>\n\t\t<\/div>","protected":false},"excerpt":{"rendered":"<p>(Adnkronos) &#8211; Torna Earth Hour &#8211; L\u2019Ora della Terra, la pi\u00f9 grande mobilitazione globale per&hellip;<\/p>\n","protected":false},"author":3,"featured_media":60876,"comment_status":"open","ping_status":"closed","sticky":false,"template":"","format":"standard","meta":{"footnotes":""},"categories":[12],"tags":[3],"class_list":["post-60875","post","type-post","status-publish","format-standard","has-post-thumbnail","hentry","category-comunicati","tag-ultimora"],"_links":{"self":[{"href":"https:\/\/ciaoup.it\/index.php?rest_route=\/wp\/v2\/posts\/60875","targetHints":{"allow":["GET"]}}],"collection":[{"href":"https:\/\/ciaoup.it\/index.php?rest_route=\/wp\/v2\/posts"}],"about":[{"href":"https:\/\/ciaoup.it\/index.php?rest_route=\/wp\/v2\/types\/post"}],"author":[{"embeddable":true,"href":"https:\/\/ciaoup.it\/index.php?rest_route=\/wp\/v2\/users\/3"}],"replies":[{"embeddable":true,"href":"https:\/\/ciaoup.it\/index.php?rest_route=%2Fwp%2Fv2%2Fcomments&post=60875"}],"version-history":[{"count":1,"href":"https:\/\/ciaoup.it\/index.php?rest_route=\/wp\/v2\/posts\/60875\/revisions"}],"predecessor-version":[{"id":60892,"href":"https:\/\/ciaoup.it\/index.php?rest_route=\/wp\/v2\/posts\/60875\/revisions\/60892"}],"wp:featuredmedia":[{"embeddable":true,"href":"https:\/\/ciaoup.it\/index.php?rest_route=\/wp\/v2\/media\/60876"}],"wp:attachment":[{"href":"https:\/\/ciaoup.it\/index.php?rest_route=%2Fwp%2Fv2%2Fmedia&parent=60875"}],"wp:term":[{"taxonomy":"category","embeddable":true,"href":"https:\/\/ciaoup.it\/index.php?rest_route=%2Fwp%2Fv2%2Fcategories&post=60875"},{"taxonomy":"post_tag","embeddable":true,"href":"https:\/\/ciaoup.it\/index.php?rest_route=%2Fwp%2Fv2%2Ftags&post=60875"}],"curies":[{"name":"wp","href":"https:\/\/api.w.org\/{rel}","templated":true}]}}