{"id":60836,"date":"2026-03-10T14:25:06","date_gmt":"2026-03-10T14:25:06","guid":{"rendered":"https:\/\/ciaoup.it\/?p=60836"},"modified":"2026-03-10T14:25:06","modified_gmt":"2026-03-10T14:25:06","slug":"referendum-si-riforma-da-gratteri-fake-news-su-sal-da-vinci","status":"publish","type":"post","link":"https:\/\/ciaoup.it\/?p=60836","title":{"rendered":"Referendum, S\u00ec Riforma: &#8220;Da Gratteri fake news su Sal Da Vinci&#8221;"},"content":{"rendered":"<p> (Adnkronos) &#8211; Tra le varie polemiche che ruotano attorno al referendum sulla giustizia ce n&#8217;\u00e8 una che investe Nicola Gratteri. &#8220;Il procuratore di Napoli Gratteri, dopo la fake news su Falcone, diffonde in diretta televisiva un&#8217;altra bufala: &#8216;Sal Da Vinci ha detto che voter\u00e0 no&#8217;. Si tratta di una notizia falsa diffusa dalla pagina Socialisti Gaudenti e subito smentita dallo stesso cantante vincitore del Festival &#8211; sottolinea il Comitato &#8216;S\u00ec Riforma&#8217; in un video pubblicato sui suoi canali social &#8211; Neanche il conduttore del programma Gramellini \u00e8 intervenuto per dire che si trattava di una fake news. Alla fine quindi centinaia di migliaia di italiani sono stati disinformati da Gratteri. Questa \u00e8 un&#8217;opera di disinformazione portata avanti senza scrupolo e senza alcun rispetto per gli elettori. Gratteri chieda scusa a Sal Da Vinci e agli italiani. Basta fake news&#8221;. Il procuratore Gratteri a &#8216;Repubblica&#8217; ha spiegato che la sua &#8220;era una battuta&#8221;.\u00a0<\/p>\n<p> All&#8217;indomani della vittoria al Festival di Sanremo 2026, ai cronisti che gli chiedevano conto di un meme social secondo cui voterebbe &#8216;no&#8217; al referendum sulla giustizia, Sal Da Vinci aveva risposto: &#8220;Non ho mai dichiarato nulla su questo argomento, perch\u00e9 credo che ognuno fino all&#8217;ultimo momento pu\u00f2 decidere di fare e dire quello che vuole. Non mi sono mai esposto da questo punto di vista e quindi \u00e8 una fake news&#8221; (VIDEO).\u00a0<\/p>\n<p>\u00a0<\/p>\n<p>&#8212;<\/p>\n<p>politica<\/p>\n<p>webinfo@adnkronos.com (Web Info)<\/p>\n<div style=\"display:flex; gap:10px;justify-content:center\" class=\"wps-pgfw-pdf-generate-icon__wrapper-frontend\">\n\t\t<a  href=\"https:\/\/ciaoup.it?action=genpdf&amp;id=60836\" class=\"pgfw-single-pdf-download-button\" ><img src=\"https:\/\/ciaoup.it\/wp-content\/plugins\/pdf-generator-for-wp\/admin\/src\/images\/PDF_Tray.svg\" title=\"Generate PDF\" style=\"width:auto; height:45px;\"><\/a>\n\t\t<\/div>","protected":false},"excerpt":{"rendered":"<p>(Adnkronos) &#8211; Tra le varie polemiche che ruotano attorno al referendum sulla giustizia ce n&#8217;\u00e8&hellip;<\/p>\n","protected":false},"author":3,"featured_media":60837,"comment_status":"open","ping_status":"closed","sticky":false,"template":"","format":"standard","meta":{"footnotes":""},"categories":[12],"tags":[3],"class_list":["post-60836","post","type-post","status-publish","format-standard","has-post-thumbnail","hentry","category-comunicati","tag-ultimora"],"_links":{"self":[{"href":"https:\/\/ciaoup.it\/index.php?rest_route=\/wp\/v2\/posts\/60836","targetHints":{"allow":["GET"]}}],"collection":[{"href":"https:\/\/ciaoup.it\/index.php?rest_route=\/wp\/v2\/posts"}],"about":[{"href":"https:\/\/ciaoup.it\/index.php?rest_route=\/wp\/v2\/types\/post"}],"author":[{"embeddable":true,"href":"https:\/\/ciaoup.it\/index.php?rest_route=\/wp\/v2\/users\/3"}],"replies":[{"embeddable":true,"href":"https:\/\/ciaoup.it\/index.php?rest_route=%2Fwp%2Fv2%2Fcomments&post=60836"}],"version-history":[{"count":1,"href":"https:\/\/ciaoup.it\/index.php?rest_route=\/wp\/v2\/posts\/60836\/revisions"}],"predecessor-version":[{"id":60862,"href":"https:\/\/ciaoup.it\/index.php?rest_route=\/wp\/v2\/posts\/60836\/revisions\/60862"}],"wp:featuredmedia":[{"embeddable":true,"href":"https:\/\/ciaoup.it\/index.php?rest_route=\/wp\/v2\/media\/60837"}],"wp:attachment":[{"href":"https:\/\/ciaoup.it\/index.php?rest_route=%2Fwp%2Fv2%2Fmedia&parent=60836"}],"wp:term":[{"taxonomy":"category","embeddable":true,"href":"https:\/\/ciaoup.it\/index.php?rest_route=%2Fwp%2Fv2%2Fcategories&post=60836"},{"taxonomy":"post_tag","embeddable":true,"href":"https:\/\/ciaoup.it\/index.php?rest_route=%2Fwp%2Fv2%2Ftags&post=60836"}],"curies":[{"name":"wp","href":"https:\/\/api.w.org\/{rel}","templated":true}]}}