{"id":60832,"date":"2026-03-10T14:28:55","date_gmt":"2026-03-10T14:28:55","guid":{"rendered":"https:\/\/ciaoup.it\/?p=60832"},"modified":"2026-03-10T14:28:55","modified_gmt":"2026-03-10T14:28:55","slug":"ponte-messina-salvini-non-do-piu-date-spero-avvio-lavori-entro-anno","status":"publish","type":"post","link":"https:\/\/ciaoup.it\/?p=60832","title":{"rendered":"Ponte Messina, Salvini: &#8220;Non do pi\u00f9 date, spero avvio lavori entro anno&#8221;"},"content":{"rendered":"<p> (Adnkronos) &#8211; Sul ponte sullo stretto di Messina &#8220;non do pi\u00f9 scadenze mensili perch\u00e9 ho imparato che tra corsi, ricorsi, corte dei conti e comitati del no, prima voglio vedere la carte. Il mio obiettivo \u00e8 che questo sia l&#8217;anno dell&#8217;avvio dei lavori del benedetto ponte di Messina&#8221;. Lo dice il ministro delle Infrastrutture e dei Trasporti Matteo Salvini intervistato da Bruno Vespa nella prima giornata di LetExpo 2026. &#8220;Porti d&#8217;Italia Spa \u00e8 stata approvata, ci ha lavorato il vice ministro Rixi, \u00e8 un&#8217;innovazione fondamentale per coordinare gli immensi fondi &#8211; parliamo di diversi miliardi di euro &#8211; che il ministero sta erogando per lo sviluppo delle autorit\u00e0 portuali. Un&#8217;autorit\u00e0 di coordinamento, senza togliere autonomia a nessuno. Conto che la societ\u00e0 inizi a operare entro il 2026&#8221;.\u00a0<\/p>\n<p>&#8212;<\/p>\n<p>economia<\/p>\n<p>webinfo@adnkronos.com (Web Info)<\/p>\n<div style=\"display:flex; gap:10px;justify-content:center\" class=\"wps-pgfw-pdf-generate-icon__wrapper-frontend\">\n\t\t<a  href=\"https:\/\/ciaoup.it?action=genpdf&amp;id=60832\" class=\"pgfw-single-pdf-download-button\" ><img src=\"https:\/\/ciaoup.it\/wp-content\/plugins\/pdf-generator-for-wp\/admin\/src\/images\/PDF_Tray.svg\" title=\"Generate PDF\" style=\"width:auto; height:45px;\"><\/a>\n\t\t<\/div>","protected":false},"excerpt":{"rendered":"<p>(Adnkronos) &#8211; Sul ponte sullo stretto di Messina &#8220;non do pi\u00f9 scadenze mensili perch\u00e9 ho&hellip;<\/p>\n","protected":false},"author":3,"featured_media":60833,"comment_status":"open","ping_status":"closed","sticky":false,"template":"","format":"standard","meta":{"footnotes":""},"categories":[12],"tags":[3],"class_list":["post-60832","post","type-post","status-publish","format-standard","has-post-thumbnail","hentry","category-comunicati","tag-ultimora"],"_links":{"self":[{"href":"https:\/\/ciaoup.it\/index.php?rest_route=\/wp\/v2\/posts\/60832","targetHints":{"allow":["GET"]}}],"collection":[{"href":"https:\/\/ciaoup.it\/index.php?rest_route=\/wp\/v2\/posts"}],"about":[{"href":"https:\/\/ciaoup.it\/index.php?rest_route=\/wp\/v2\/types\/post"}],"author":[{"embeddable":true,"href":"https:\/\/ciaoup.it\/index.php?rest_route=\/wp\/v2\/users\/3"}],"replies":[{"embeddable":true,"href":"https:\/\/ciaoup.it\/index.php?rest_route=%2Fwp%2Fv2%2Fcomments&post=60832"}],"version-history":[{"count":1,"href":"https:\/\/ciaoup.it\/index.php?rest_route=\/wp\/v2\/posts\/60832\/revisions"}],"predecessor-version":[{"id":60864,"href":"https:\/\/ciaoup.it\/index.php?rest_route=\/wp\/v2\/posts\/60832\/revisions\/60864"}],"wp:featuredmedia":[{"embeddable":true,"href":"https:\/\/ciaoup.it\/index.php?rest_route=\/wp\/v2\/media\/60833"}],"wp:attachment":[{"href":"https:\/\/ciaoup.it\/index.php?rest_route=%2Fwp%2Fv2%2Fmedia&parent=60832"}],"wp:term":[{"taxonomy":"category","embeddable":true,"href":"https:\/\/ciaoup.it\/index.php?rest_route=%2Fwp%2Fv2%2Fcategories&post=60832"},{"taxonomy":"post_tag","embeddable":true,"href":"https:\/\/ciaoup.it\/index.php?rest_route=%2Fwp%2Fv2%2Ftags&post=60832"}],"curies":[{"name":"wp","href":"https:\/\/api.w.org\/{rel}","templated":true}]}}