{"id":60825,"date":"2026-03-10T13:43:00","date_gmt":"2026-03-10T13:43:00","guid":{"rendered":"https:\/\/ciaoup.it\/?p=60825"},"modified":"2026-03-10T13:43:00","modified_gmt":"2026-03-10T13:43:00","slug":"grimaldi-alis-valorizzare-posizione-strategica-dellitalia-nel-mediterraneo","status":"publish","type":"post","link":"https:\/\/ciaoup.it\/?p=60825","title":{"rendered":"Grimaldi (Alis): &#8220;Valorizzare posizione strategica dell&#8217;Italia nel Mediterraneo&#8221;"},"content":{"rendered":"<p> (Adnkronos) &#8211; &#8220;Sono felice di aprire la quinta edizione di LetExpo e lo faccio ringraziando le istituzioni, i partner, gli espositori e i relatori. Oggi qui si contano 550 espositori, il 10% in pi\u00f9 rispetto al 2025, numeri che confermano questa fiera come punto di riferimento per il settore logistico e dei trasporti&#8221;. Cos\u00ec Guido Grimaldi, presidente di Alis &#8211; Associazione logistica dell&#8217;intermodalit\u00e0 sostenibile, alla giornata inaugurale dell\u2019edizione 2026 di LetExpo, la kermesse punto di riferimento per i trasporti, la logistica, i servizi alle imprese e la sostenibilit\u00e0 , in svolgimento a Verona fino al 13 marzo.\u00a0<\/p>\n<p>Poi spiega ancora: \u201cNata cinque anni fa come un progetto ambizioso, oggi LetExpo \u00e8 una manifestazione di rilievo europeo, con una forte collaborazione con le Forze armate italiane e, per la prima volta, con il Corpo nazionale dei vigili del fuoco. A loro si aggiunge la presenza di numerose autorit\u00e0 nazionali ed europee, pi\u00f9 giornalisti di spessore che moderano i dibattiti e che completano il quadro\u201d.\u00a0<\/p>\n<p>Entrando pi\u00f9 nel dettaglio attuale, Grimaldi afferma: \u201cIl contesto internazionale odierno evidenzia conflitti e tensioni in Medio Oriente, attacchi tra Usa, Israele ed Iran, ed un rischio importante per il traffico energetico nello Stretto di Hormuz, da cui passa circa il 20% del petrolio mondiale; le conseguenze principali sono l\u2019aumento dei costi energetici, l\u2019aumento del prezzo del gasolio, e il deciso impatto su trasporti marittimi, aerei e sulla logistica globale\u201d. Secondo Alis ci sono necessit\u00e0 specifiche: \u201cServono politiche europee coordinate su sicurezza, energia e infrastrutture, una valorizzazione della posizione strategica dell\u2019Italia nel Mediterraneo, e una maggiore stabilit\u00e0 internazionale per sostenere commercio e logistica\u201d. \u00a0<\/p>\n<p>Nonostante le difficolt\u00e0, per\u00f2, emergono segnali positivi per l\u2019Italia. Lo stesso presidente di Alis spiega come il Belpaese sia tra i primi 6-7 esportatori al mondo e secondo in Europa solo alla Germania, con un export in rialzo che entro il 2027 toccher\u00e0 quota 700 miliardi di euro; nel 2026 il Pil crescer\u00e0 di circa +0,8%, mentre il record turistico nel 2025 \u00e8 stato di 476 milioni di persone; bene il tasso di occupazione, \u00e8 record con il 62,7%. Ma alla luce di questi discorsi e di queste cifre, qual \u00e8 il ruolo della logistica e di Alis? \u201cAlis rappresenta oltre 2500 aziende associate, 511 mila lavoratori, 160 miliardi di euro di fatturato aggregato, sostenendo cos\u00ec l\u2019import-export, l\u2019industria e generando occupazione\u201d, sottolinea ancora Grimaldi.\u00a0<\/p>\n<p>Non mancano, per\u00f2, le criticit\u00e0, che il numero uno di Alis segnala: \u201cIl sistema EU Emissions Trading System (Ets) nel trasporto marittimo rischia di ridurre la competitivit\u00e0 dei porti europei, spinge verso un aumento dei costi sia per imprese che per consumatori, e riporta inevitabilmente migliaia di camion sulle strade. Le proposte per ovviare a queste dinamiche sono quelle di reinvestire nel settore marittimo i proventi dell\u2019Ets e di rafforzare gli incentivi all\u2019intermodalit\u00e0 come Sea Modal Shift e Ferrobus con almeno 100 milioni di euro annui ciascuno\u201d. Intanto l\u2019evoluzione prosegue anche in questo settore. Digitalizzazione, automazione, intelligenza artificiale, sono elementi chiave nel progresso, un progresso che comunque abbraccia numerose opportunit\u00e0 di lavoro tra cui marittimi, autisti di mezzi pesanti, operatori di bordo, controllori di volo, tecnici e specialisti digitali.\u00a0<\/p>\n<p>Poi conclude: \u201cQuesta fiera crea connessioni tra imprese, istituzioni, territori e giovani, ponendo attenzione anche sul sociale con il padiglione dedicato al terzo settore. Per me guidare Alis \u00e8 un grande onore ma anche una responsabilit\u00e0 consapevole del fatto che il futuro del settore dipende dalla collaborazione tra imprese, istituzioni e lavoratori, ecco che allora LetExpo diventa un luogo ancora pi\u00f9 essenziale dove poter costruire insieme innovazione, sostenibilit\u00e0 e competitivit\u00e0\u201d.\u00a0<\/p>\n<p>&#8212;<\/p>\n<p>economia<\/p>\n<p>webinfo@adnkronos.com (Web Info)<\/p>\n<div style=\"display:flex; gap:10px;justify-content:center\" class=\"wps-pgfw-pdf-generate-icon__wrapper-frontend\">\n\t\t<a  href=\"https:\/\/ciaoup.it?action=genpdf&amp;id=60825\" class=\"pgfw-single-pdf-download-button\" ><img src=\"https:\/\/ciaoup.it\/wp-content\/plugins\/pdf-generator-for-wp\/admin\/src\/images\/PDF_Tray.svg\" title=\"Generate PDF\" style=\"width:auto; height:45px;\"><\/a>\n\t\t<\/div>","protected":false},"excerpt":{"rendered":"<p>(Adnkronos) &#8211; &#8220;Sono felice di aprire la quinta edizione di LetExpo e lo faccio ringraziando&hellip;<\/p>\n","protected":false},"author":3,"featured_media":60826,"comment_status":"open","ping_status":"closed","sticky":false,"template":"","format":"standard","meta":{"footnotes":""},"categories":[12],"tags":[3],"class_list":["post-60825","post","type-post","status-publish","format-standard","has-post-thumbnail","hentry","category-comunicati","tag-ultimora"],"_links":{"self":[{"href":"https:\/\/ciaoup.it\/index.php?rest_route=\/wp\/v2\/posts\/60825","targetHints":{"allow":["GET"]}}],"collection":[{"href":"https:\/\/ciaoup.it\/index.php?rest_route=\/wp\/v2\/posts"}],"about":[{"href":"https:\/\/ciaoup.it\/index.php?rest_route=\/wp\/v2\/types\/post"}],"author":[{"embeddable":true,"href":"https:\/\/ciaoup.it\/index.php?rest_route=\/wp\/v2\/users\/3"}],"replies":[{"embeddable":true,"href":"https:\/\/ciaoup.it\/index.php?rest_route=%2Fwp%2Fv2%2Fcomments&post=60825"}],"version-history":[{"count":1,"href":"https:\/\/ciaoup.it\/index.php?rest_route=\/wp\/v2\/posts\/60825\/revisions"}],"predecessor-version":[{"id":60842,"href":"https:\/\/ciaoup.it\/index.php?rest_route=\/wp\/v2\/posts\/60825\/revisions\/60842"}],"wp:featuredmedia":[{"embeddable":true,"href":"https:\/\/ciaoup.it\/index.php?rest_route=\/wp\/v2\/media\/60826"}],"wp:attachment":[{"href":"https:\/\/ciaoup.it\/index.php?rest_route=%2Fwp%2Fv2%2Fmedia&parent=60825"}],"wp:term":[{"taxonomy":"category","embeddable":true,"href":"https:\/\/ciaoup.it\/index.php?rest_route=%2Fwp%2Fv2%2Fcategories&post=60825"},{"taxonomy":"post_tag","embeddable":true,"href":"https:\/\/ciaoup.it\/index.php?rest_route=%2Fwp%2Fv2%2Ftags&post=60825"}],"curies":[{"name":"wp","href":"https:\/\/api.w.org\/{rel}","templated":true}]}}